{"id":9539,"date":"2021-02-05T15:14:43","date_gmt":"2021-02-05T13:14:43","guid":{"rendered":"https:\/\/acmconcerts.com\/?p=9539"},"modified":"2021-02-05T15:14:43","modified_gmt":"2021-02-05T13:14:43","slug":"perry-so-conducts-the-navarra-symphony-and-the-orfeon-pamplones","status":"publish","type":"post","link":"https:\/\/acmconcerts.com\/en\/perry-so-conducts-the-navarra-symphony-and-the-orfeon-pamplones\/","title":{"rendered":"Perry So conducts the Navarra Symphony and the Orfe\u00f3n Pamplon\u00e9s"},"content":{"rendered":"<p style=\"text-align: justify;\">Perry So returns to Spain to conduct again the Navarre Symphony Orchestra, the Symphony Orchestra of the Principality of Asturias and the Tenerife Symphony Orchestra. In Navarre, he will also have the participation of the Orfe\u00f3n Pamplon\u00e9s in a program including works for choir and orchestra by Brahms and the rarely programmed <em>Symphony in C\u00a0<\/em>by Paul Dukas. Immediately after Navarre, Perry will join the <a href=\"\/?p=6529\" target=\"_blank\" rel=\"noopener\">OSPA<\/a>, an orchestra with which he has a long history of collaborations, where he will conduct Nikolai Luganski in Medtner&#8217;s Concerto No. 3 and Tchaikovsky&#8217;s <em>Pathetic Symphony<\/em>. He will finish his Spanish tour in Tenerife, where he will conduct Pablo Ferr\u00e1ndez with Tchaikovsky&#8217;s <em>Rococ\u00f3 Variations<\/em>and Borodin&#8217;s <em>Symphony No. 2<\/em>. Perry should be conducting these days the Tucson Symphony Orchestra and then what would be his second appearance with the\u00a0<a href=\"https:\/\/www.sfsymphony.org\/Buy-Tickets\/2020-21\/Lunar-New-Year-Celebrating-Asia\" target=\"_blank\" rel=\"noopener\"><span lang=\"EN-US\">San Francisco Symphony<\/span><\/a>, but both commitments postponed due to the COVID19 restrictions.<\/p>\n<p><iframe title=\"Berlioz: Symphonie fantastique, op 14\" width=\"1080\" height=\"810\" src=\"https:\/\/www.youtube.com\/embed\/IKT-YNBAYgs?feature=oembed\"  allow=\"accelerometer; autoplay; clipboard-write; encrypted-media; gyroscope; picture-in-picture\" allowfullscreen><\/iframe><\/p>\n<div style=\"text-align: justify;\"><span lang=\"EN-US\">Perry So has worked, among others, with the Cleveland and Minnesota Orchestras, the Houston, Detroit, New Jersey, Israel and Shanghai Symphony Orchestras, the Chinese Philharmonic and the Residentie Orkest in The Hague. He has been a frequent guest at the Walt Disney Hall and the Hollywood Bowl as a Dudamel Conducting Fellow at the Los Angeles Philharmonic. He conducted the Hong Kong Philharmonic with Lang Lang in celebration of the 15th anniversary of Hong Kong&#8217;s return to China at the closing of his four-year term as Associate Conductor, and led a tour of the Zagreb Philharmonic in the Balkan Peninsula.<\/span><\/div>\n<div><img decoding=\"async\" class=\"alignnone size-medium wp-image-5123 aligncenter\" src=\"https:\/\/acmconcerts.com\/wp-content\/uploads\/2017\/10\/perryso05-534x800.jpg\" alt=\"Perry So casual fondo blanco\" width=\"534\" height=\"800\" srcset=\"https:\/\/acmconcerts.com\/wp-content\/uploads\/2017\/10\/perryso05-534x800.jpg 534w, https:\/\/acmconcerts.com\/wp-content\/uploads\/2017\/10\/perryso05.jpg 1024w\" sizes=\"(max-width: 534px) 100vw, 534px\" \/><\/div>\n<div>\u00a0<\/div>\n<div>\n<div style=\"text-align: justify;\"><span lang=\"EN-US\">Perry So received the First Prize and the Special Prize at the 5th Prokofiev International Conducting Competition in St. Petersburg. His recording of the Barber and Korngold violin concertos with Alexander Gilman and the Cape Town Philharmonic received the Diapason D&#8217;Or in January 2012. He has done many recordings with the BBC National Orchestra of Wales and the BBC Concert Orchestra. He is known for the enormous variety of repertoire that he conducts, including numerous world premieres on four continents. He has directed productions of <i>Cos\u00ed fan tutte<\/i>, <i>The Magic Flute<\/i>, <i>The Turn of the Screw<\/i>,\u00a0<i>Giulio Cesare, Gianni Schicchi<\/i>, and <i>Die Fledermaus<\/i>. His commitment to young people has led him to work with the Australian Youth Orchestra, the Round Top Festival, the Manhattan School of Music, the Hong Kong Academy of Performing Arts and the Yale School of Music. He has also been assistant to Edo de Waart, Esa-Pekka Salonen, Gustavo Dudamel, Lorin Maazel and John Adams. Born in Hong Kong, he holds a Degree in Comparative Literature from Yale University.<\/span><\/div>\n<\/div>\n<hr \/>\n<div>\u00a0<\/div>\n<div>\u00a0<\/div>\n","protected":false},"excerpt":{"rendered":"<p>Perry So returns to Spain to conduct again the Navarre Symphony Orchestra, the Symphony Orchestra of the Principality of Asturias and the Tenerife Symphony Orchestra. In Navarre, he will also have the participation of the Orfe\u00f3n Pamplon\u00e9s in a program including works for choir and orchestra by Brahms and the rarely programmed Symphony in C\u00a0by [&hellip;]<\/p>\n","protected":false},"author":4,"featured_media":5113,"comment_status":"closed","ping_status":"closed","sticky":false,"template":"","format":"standard","meta":{"_et_pb_use_builder":"","_et_pb_old_content":"","_et_gb_content_width":"","_monsterinsights_skip_tracking":false,"_monsterinsights_sitenote_active":false,"_monsterinsights_sitenote_note":"","_monsterinsights_sitenote_category":0,"_ayudawp_aiss_exclude":false,"footnotes":""},"categories":[4],"tags":[137,771,2013,4816,6769,6770],"class_list":["post-9539","post","type-post","status-publish","format-standard","has-post-thumbnail","hentry","category-news","tag-sinfonica-de-tenerife","tag-orquesta-sinfonica-de-navarra-en","tag-orquesta-sinfonica-del-principado-de-asturias-en","tag-tucson-symphony-en","tag-perry-so-en","tag-san-francisco-symphony-en"],"yoast_head":"<!-- This site is optimized with the Yoast SEO Premium plugin v27.2 (Yoast SEO v27.2) - https:\/\/yoast.com\/product\/yoast-seo-premium-wordpress\/ -->\n<title>Perry So conducts the Navarra Symphony and the Orfe\u00f3n Pamplon\u00e9s - ACM Concerts<\/title>\n<meta name=\"description\" content=\"Perry So returns to Spain to conduct again the Navarre Symphony, the Symphony Orchestra of the Principality of Asturias and the Tenerife Symphony Orchestra\" \/>\n<meta name=\"robots\" content=\"index, follow, max-snippet:-1, max-image-preview:large, max-video-preview:-1\" \/>\n<link rel=\"canonical\" href=\"https:\/\/acmconcerts.com\/en\/perry-so-conducts-the-navarra-symphony-and-the-orfeon-pamplones\/\" \/>\n<meta property=\"og:locale\" content=\"en_US\" \/>\n<meta property=\"og:type\" content=\"article\" \/>\n<meta property=\"og:title\" content=\"Perry So conducts the Navarra Symphony and the Orfe\u00f3n Pamplon\u00e9s\" \/>\n<meta property=\"og:description\" content=\"Perry So returns to Spain to conduct again the Navarre Symphony Orchestra, the Symphony Orchestra of the Principality of Asturias and the Tenerife\" \/>\n<meta property=\"og:url\" content=\"https:\/\/acmconcerts.com\/en\/perry-so-conducts-the-navarra-symphony-and-the-orfeon-pamplones\/\" \/>\n<meta property=\"og:site_name\" content=\"ACM Concerts\" \/>\n<meta property=\"article:publisher\" content=\"https:\/\/www.facebook.com\/ACM-Concerts-819784831388420\/\" \/>\n<meta property=\"article:published_time\" content=\"2021-02-05T13:14:43+00:00\" \/>\n<meta property=\"og:image\" content=\"https:\/\/acmconcerts.com\/wp-content\/uploads\/2017\/10\/perryso03.jpg\" \/>\n\t<meta property=\"og:image:width\" content=\"1024\" \/>\n\t<meta property=\"og:image:height\" content=\"725\" \/>\n\t<meta property=\"og:image:type\" content=\"image\/jpeg\" \/>\n<meta name=\"author\" content=\"ACM Concerts\" \/>\n<meta name=\"twitter:card\" content=\"summary_large_image\" \/>\n<meta name=\"twitter:creator\" content=\"@acmconcerts\" \/>\n<meta name=\"twitter:site\" content=\"@acmconcerts\" \/>\n<script type=\"application\/ld+json\" class=\"yoast-schema-graph\">{\"@context\":\"https:\/\/schema.org\",\"@graph\":[{\"@type\":\"Article\",\"@id\":\"https:\/\/acmconcerts.com\/en\/perry-so-conducts-the-navarra-symphony-and-the-orfeon-pamplones\/#article\",\"isPartOf\":{\"@id\":\"https:\/\/acmconcerts.com\/en\/perry-so-conducts-the-navarra-symphony-and-the-orfeon-pamplones\/\"},\"author\":{\"name\":\"ACM Concerts\",\"@id\":\"https:\/\/acmconcerts.com\/#\/schema\/person\/a6c7f1eb61acf6e35296adfaefa8705c\"},\"headline\":\"Perry So conducts the Navarra Symphony and the Orfe\u00f3n Pamplon\u00e9s\",\"datePublished\":\"2021-02-05T13:14:43+00:00\",\"mainEntityOfPage\":{\"@id\":\"https:\/\/acmconcerts.com\/en\/perry-so-conducts-the-navarra-symphony-and-the-orfeon-pamplones\/\"},\"wordCount\":440,\"publisher\":{\"@id\":\"https:\/\/acmconcerts.com\/#organization\"},\"image\":{\"@id\":\"https:\/\/acmconcerts.com\/en\/perry-so-conducts-the-navarra-symphony-and-the-orfeon-pamplones\/#primaryimage\"},\"thumbnailUrl\":\"https:\/\/acmconcerts.com\/wp-content\/uploads\/2017\/10\/perryso03.jpg\",\"keywords\":[\"Sinf\u00f3nica de Tenerife\",\"Orquesta Sinf\u00f3nica de Navarra\",\"Orquesta Sinf\u00f3nica del Principado de Asturias\",\"Tucson Symphony\",\"Perry So\",\"San Francisco Symphony\"],\"articleSection\":[\"News\"],\"inLanguage\":\"en-US\"},{\"@type\":\"WebPage\",\"@id\":\"https:\/\/acmconcerts.com\/en\/perry-so-conducts-the-navarra-symphony-and-the-orfeon-pamplones\/\",\"url\":\"https:\/\/acmconcerts.com\/en\/perry-so-conducts-the-navarra-symphony-and-the-orfeon-pamplones\/\",\"name\":\"Perry So conducts the Navarra Symphony and the Orfe\u00f3n Pamplon\u00e9s - ACM Concerts\",\"isPartOf\":{\"@id\":\"https:\/\/acmconcerts.com\/#website\"},\"primaryImageOfPage\":{\"@id\":\"https:\/\/acmconcerts.com\/en\/perry-so-conducts-the-navarra-symphony-and-the-orfeon-pamplones\/#primaryimage\"},\"image\":{\"@id\":\"https:\/\/acmconcerts.com\/en\/perry-so-conducts-the-navarra-symphony-and-the-orfeon-pamplones\/#primaryimage\"},\"thumbnailUrl\":\"https:\/\/acmconcerts.com\/wp-content\/uploads\/2017\/10\/perryso03.jpg\",\"datePublished\":\"2021-02-05T13:14:43+00:00\",\"description\":\"Perry So returns to Spain to conduct again the Navarre Symphony, the Symphony Orchestra of the Principality of Asturias and the Tenerife Symphony Orchestra\",\"breadcrumb\":{\"@id\":\"https:\/\/acmconcerts.com\/en\/perry-so-conducts-the-navarra-symphony-and-the-orfeon-pamplones\/#breadcrumb\"},\"inLanguage\":\"en-US\",\"potentialAction\":[{\"@type\":\"ReadAction\",\"target\":[\"https:\/\/acmconcerts.com\/en\/perry-so-conducts-the-navarra-symphony-and-the-orfeon-pamplones\/\"]}]},{\"@type\":\"ImageObject\",\"inLanguage\":\"en-US\",\"@id\":\"https:\/\/acmconcerts.com\/en\/perry-so-conducts-the-navarra-symphony-and-the-orfeon-pamplones\/#primaryimage\",\"url\":\"https:\/\/acmconcerts.com\/wp-content\/uploads\/2017\/10\/perryso03.jpg\",\"contentUrl\":\"https:\/\/acmconcerts.com\/wp-content\/uploads\/2017\/10\/perryso03.jpg\",\"width\":1024,\"height\":725,\"caption\":\"Perry So conducts the Tucson Symphony Orchestra\"},{\"@type\":\"BreadcrumbList\",\"@id\":\"https:\/\/acmconcerts.com\/en\/perry-so-conducts-the-navarra-symphony-and-the-orfeon-pamplones\/#breadcrumb\",\"itemListElement\":[{\"@type\":\"ListItem\",\"position\":1,\"name\":\"Portada\",\"item\":\"https:\/\/acmconcerts.com\/en\/\"},{\"@type\":\"ListItem\",\"position\":2,\"name\":\"Perry So conducts the Navarra Symphony and the Orfe\u00f3n Pamplon\u00e9s\"}]},{\"@type\":\"WebSite\",\"@id\":\"https:\/\/acmconcerts.com\/#website\",\"url\":\"https:\/\/acmconcerts.com\/\",\"name\":\"ACM Concerts\",\"description\":\"Agencia art\u00edstica\",\"publisher\":{\"@id\":\"https:\/\/acmconcerts.com\/#organization\"},\"potentialAction\":[{\"@type\":\"SearchAction\",\"target\":{\"@type\":\"EntryPoint\",\"urlTemplate\":\"https:\/\/acmconcerts.com\/?s={search_term_string}\"},\"query-input\":{\"@type\":\"PropertyValueSpecification\",\"valueRequired\":true,\"valueName\":\"search_term_string\"}}],\"inLanguage\":\"en-US\"},{\"@type\":\"Organization\",\"@id\":\"https:\/\/acmconcerts.com\/#organization\",\"name\":\"ACM Concerts\",\"url\":\"https:\/\/acmconcerts.com\/\",\"logo\":{\"@type\":\"ImageObject\",\"inLanguage\":\"en-US\",\"@id\":\"https:\/\/acmconcerts.com\/#\/schema\/logo\/image\/\",\"url\":\"https:\/\/acmconcerts.com\/wp-content\/uploads\/2015\/11\/logo-ACM-grande-e1447756158188.jpg\",\"contentUrl\":\"https:\/\/acmconcerts.com\/wp-content\/uploads\/2015\/11\/logo-ACM-grande-e1447756158188.jpg\",\"width\":600,\"height\":146,\"caption\":\"ACM Concerts\"},\"image\":{\"@id\":\"https:\/\/acmconcerts.com\/#\/schema\/logo\/image\/\"},\"sameAs\":[\"https:\/\/www.facebook.com\/ACM-Concerts-819784831388420\/\",\"https:\/\/x.com\/acmconcerts\",\"https:\/\/www.youtube.com\/user\/acmconcerts\"]},{\"@type\":\"Person\",\"@id\":\"https:\/\/acmconcerts.com\/#\/schema\/person\/a6c7f1eb61acf6e35296adfaefa8705c\",\"name\":\"ACM Concerts\",\"url\":\"https:\/\/acmconcerts.com\/en\/author\/marta\/\"}]}<\/script>\n<!-- \/ Yoast SEO Premium plugin. -->","yoast_head_json":{"title":"Perry So conducts the Navarra Symphony and the Orfe\u00f3n Pamplon\u00e9s - ACM Concerts","description":"Perry So returns to Spain to conduct again the Navarre Symphony, the Symphony Orchestra of the Principality of Asturias and the Tenerife Symphony Orchestra","robots":{"index":"index","follow":"follow","max-snippet":"max-snippet:-1","max-image-preview":"max-image-preview:large","max-video-preview":"max-video-preview:-1"},"canonical":"https:\/\/acmconcerts.com\/en\/perry-so-conducts-the-navarra-symphony-and-the-orfeon-pamplones\/","og_locale":"en_US","og_type":"article","og_title":"Perry So conducts the Navarra Symphony and the Orfe\u00f3n Pamplon\u00e9s","og_description":"Perry So returns to Spain to conduct again the Navarre Symphony Orchestra, the Symphony Orchestra of the Principality of Asturias and the Tenerife","og_url":"https:\/\/acmconcerts.com\/en\/perry-so-conducts-the-navarra-symphony-and-the-orfeon-pamplones\/","og_site_name":"ACM Concerts","article_publisher":"https:\/\/www.facebook.com\/ACM-Concerts-819784831388420\/","article_published_time":"2021-02-05T13:14:43+00:00","og_image":[{"width":1024,"height":725,"url":"https:\/\/acmconcerts.com\/wp-content\/uploads\/2017\/10\/perryso03.jpg","type":"image\/jpeg"}],"author":"ACM Concerts","twitter_card":"summary_large_image","twitter_creator":"@acmconcerts","twitter_site":"@acmconcerts","schema":{"@context":"https:\/\/schema.org","@graph":[{"@type":"Article","@id":"https:\/\/acmconcerts.com\/en\/perry-so-conducts-the-navarra-symphony-and-the-orfeon-pamplones\/#article","isPartOf":{"@id":"https:\/\/acmconcerts.com\/en\/perry-so-conducts-the-navarra-symphony-and-the-orfeon-pamplones\/"},"author":{"name":"ACM Concerts","@id":"https:\/\/acmconcerts.com\/#\/schema\/person\/a6c7f1eb61acf6e35296adfaefa8705c"},"headline":"Perry So conducts the Navarra Symphony and the Orfe\u00f3n Pamplon\u00e9s","datePublished":"2021-02-05T13:14:43+00:00","mainEntityOfPage":{"@id":"https:\/\/acmconcerts.com\/en\/perry-so-conducts-the-navarra-symphony-and-the-orfeon-pamplones\/"},"wordCount":440,"publisher":{"@id":"https:\/\/acmconcerts.com\/#organization"},"image":{"@id":"https:\/\/acmconcerts.com\/en\/perry-so-conducts-the-navarra-symphony-and-the-orfeon-pamplones\/#primaryimage"},"thumbnailUrl":"https:\/\/acmconcerts.com\/wp-content\/uploads\/2017\/10\/perryso03.jpg","keywords":["Sinf\u00f3nica de Tenerife","Orquesta Sinf\u00f3nica de Navarra","Orquesta Sinf\u00f3nica del Principado de Asturias","Tucson Symphony","Perry So","San Francisco Symphony"],"articleSection":["News"],"inLanguage":"en-US"},{"@type":"WebPage","@id":"https:\/\/acmconcerts.com\/en\/perry-so-conducts-the-navarra-symphony-and-the-orfeon-pamplones\/","url":"https:\/\/acmconcerts.com\/en\/perry-so-conducts-the-navarra-symphony-and-the-orfeon-pamplones\/","name":"Perry So conducts the Navarra Symphony and the Orfe\u00f3n Pamplon\u00e9s - ACM Concerts","isPartOf":{"@id":"https:\/\/acmconcerts.com\/#website"},"primaryImageOfPage":{"@id":"https:\/\/acmconcerts.com\/en\/perry-so-conducts-the-navarra-symphony-and-the-orfeon-pamplones\/#primaryimage"},"image":{"@id":"https:\/\/acmconcerts.com\/en\/perry-so-conducts-the-navarra-symphony-and-the-orfeon-pamplones\/#primaryimage"},"thumbnailUrl":"https:\/\/acmconcerts.com\/wp-content\/uploads\/2017\/10\/perryso03.jpg","datePublished":"2021-02-05T13:14:43+00:00","description":"Perry So returns to Spain to conduct again the Navarre Symphony, the Symphony Orchestra of the Principality of Asturias and the Tenerife Symphony Orchestra","breadcrumb":{"@id":"https:\/\/acmconcerts.com\/en\/perry-so-conducts-the-navarra-symphony-and-the-orfeon-pamplones\/#breadcrumb"},"inLanguage":"en-US","potentialAction":[{"@type":"ReadAction","target":["https:\/\/acmconcerts.com\/en\/perry-so-conducts-the-navarra-symphony-and-the-orfeon-pamplones\/"]}]},{"@type":"ImageObject","inLanguage":"en-US","@id":"https:\/\/acmconcerts.com\/en\/perry-so-conducts-the-navarra-symphony-and-the-orfeon-pamplones\/#primaryimage","url":"https:\/\/acmconcerts.com\/wp-content\/uploads\/2017\/10\/perryso03.jpg","contentUrl":"https:\/\/acmconcerts.com\/wp-content\/uploads\/2017\/10\/perryso03.jpg","width":1024,"height":725,"caption":"Perry So conducts the Tucson Symphony Orchestra"},{"@type":"BreadcrumbList","@id":"https:\/\/acmconcerts.com\/en\/perry-so-conducts-the-navarra-symphony-and-the-orfeon-pamplones\/#breadcrumb","itemListElement":[{"@type":"ListItem","position":1,"name":"Portada","item":"https:\/\/acmconcerts.com\/en\/"},{"@type":"ListItem","position":2,"name":"Perry So conducts the Navarra Symphony and the Orfe\u00f3n Pamplon\u00e9s"}]},{"@type":"WebSite","@id":"https:\/\/acmconcerts.com\/#website","url":"https:\/\/acmconcerts.com\/","name":"ACM Concerts","description":"Agencia art\u00edstica","publisher":{"@id":"https:\/\/acmconcerts.com\/#organization"},"potentialAction":[{"@type":"SearchAction","target":{"@type":"EntryPoint","urlTemplate":"https:\/\/acmconcerts.com\/?s={search_term_string}"},"query-input":{"@type":"PropertyValueSpecification","valueRequired":true,"valueName":"search_term_string"}}],"inLanguage":"en-US"},{"@type":"Organization","@id":"https:\/\/acmconcerts.com\/#organization","name":"ACM Concerts","url":"https:\/\/acmconcerts.com\/","logo":{"@type":"ImageObject","inLanguage":"en-US","@id":"https:\/\/acmconcerts.com\/#\/schema\/logo\/image\/","url":"https:\/\/acmconcerts.com\/wp-content\/uploads\/2015\/11\/logo-ACM-grande-e1447756158188.jpg","contentUrl":"https:\/\/acmconcerts.com\/wp-content\/uploads\/2015\/11\/logo-ACM-grande-e1447756158188.jpg","width":600,"height":146,"caption":"ACM Concerts"},"image":{"@id":"https:\/\/acmconcerts.com\/#\/schema\/logo\/image\/"},"sameAs":["https:\/\/www.facebook.com\/ACM-Concerts-819784831388420\/","https:\/\/x.com\/acmconcerts","https:\/\/www.youtube.com\/user\/acmconcerts"]},{"@type":"Person","@id":"https:\/\/acmconcerts.com\/#\/schema\/person\/a6c7f1eb61acf6e35296adfaefa8705c","name":"ACM Concerts","url":"https:\/\/acmconcerts.com\/en\/author\/marta\/"}]}},"_links":{"self":[{"href":"https:\/\/acmconcerts.com\/en\/wp-json\/wp\/v2\/posts\/9539","targetHints":{"allow":["GET"]}}],"collection":[{"href":"https:\/\/acmconcerts.com\/en\/wp-json\/wp\/v2\/posts"}],"about":[{"href":"https:\/\/acmconcerts.com\/en\/wp-json\/wp\/v2\/types\/post"}],"author":[{"embeddable":true,"href":"https:\/\/acmconcerts.com\/en\/wp-json\/wp\/v2\/users\/4"}],"replies":[{"embeddable":true,"href":"https:\/\/acmconcerts.com\/en\/wp-json\/wp\/v2\/comments?post=9539"}],"version-history":[{"count":0,"href":"https:\/\/acmconcerts.com\/en\/wp-json\/wp\/v2\/posts\/9539\/revisions"}],"wp:featuredmedia":[{"embeddable":true,"href":"https:\/\/acmconcerts.com\/en\/wp-json\/wp\/v2\/media\/5113"}],"wp:attachment":[{"href":"https:\/\/acmconcerts.com\/en\/wp-json\/wp\/v2\/media?parent=9539"}],"wp:term":[{"taxonomy":"category","embeddable":true,"href":"https:\/\/acmconcerts.com\/en\/wp-json\/wp\/v2\/categories?post=9539"},{"taxonomy":"post_tag","embeddable":true,"href":"https:\/\/acmconcerts.com\/en\/wp-json\/wp\/v2\/tags?post=9539"}],"curies":[{"name":"wp","href":"https:\/\/api.w.org\/{rel}","templated":true}]}}