{"id":7559,"date":"2019-06-17T13:25:56","date_gmt":"2019-06-17T11:25:56","guid":{"rendered":"https:\/\/acmconcerts.com\/?p=7559"},"modified":"2019-06-18T18:38:10","modified_gmt":"2019-06-18T16:38:10","slug":"hernandez-silva-at-teatro-colon-with-the-buenos-aires-philharmonic","status":"publish","type":"post","link":"https:\/\/acmconcerts.com\/en\/hernandez-silva-at-teatro-colon-with-the-buenos-aires-philharmonic\/","title":{"rendered":"Hern\u00e1ndez-Silva at Teatro Col\u00f3n with the Buenos Aires Philharmonic"},"content":{"rendered":"<p style=\"text-align: justify;\">Manuel Hern\u00e1ndez-Silva returns to Teatro Col\u00f3n to conduct the <a href=\"http:\/\/www.teatrocolon.org.ar\/en\/node\/4302\/\" target=\"_blank\" rel=\"noopener noreferrer\">Philharmonic Orchestra of Buenos Aires<\/a> in the absolute premiere of <em>Ave F\u00e9nix<\/em> by Argentinian composer <a href=\"http:\/\/www.claudiamontero.net\/events\/2019\/6\/27\/teatro-coln-de-buenos-aires-ave-fnix-estreno-orquesta-filarmnica-de-buenos-aires\">Claudia Montero<\/a>, winner of four Grammy awards. In addition, maestro Hern\u00e1ndez-Silva will accompany Croatian pianist <a href=\"http:\/\/www.martinafiljak.com\/en\/\">Martina Filjak<\/a> by Saint-S\u00e4ens <em>Concert No. 2, op. 22 in G minor<\/em> and conduct Dvo\u0159ak&#8217;s <em>Symphony No. 8 in G major<\/em>. This concert will take place on next Thursday, June the 27th at 20:00 hrs.<\/p>\n<p><iframe title=\"Sibelius, 1\u00aa Sinfon\u00eda, Hern\u00e1ndez-Silva (1\/4)\" width=\"1080\" height=\"810\" src=\"https:\/\/www.youtube.com\/embed\/q597e30VCZE?feature=oembed\" frameborder=\"0\" allow=\"accelerometer; autoplay; encrypted-media; gyroscope; picture-in-picture\" allowfullscreen><\/iframe><\/p>\n<p style=\"text-align: justify;\">This trip to Argentina is a prelude to the upcoming debut of Hern\u00e1ndez-Silva with the <a href=\"http:\/\/www.tucsonsymphony.org\/2019-20-season-overview\/classic-series\/\">Tucson Symphony Orchestra<\/a> in the US at the 2019\/20 season, as well as to future visits to Norway, France, Germany or Australia. The album <em>Cantos y Revueltas<\/em> by Pacho Flores with <em>cuatro<\/em> player Leo Rond\u00f3n and the Real Filharmon\u00eda de Galicia under Hern\u00e1ndez-Silva will be released next July by Deutsche Grammophon. This album contains the homonymous work by Pacho Flores, <a href=\"\/?p=5512\" target=\"_blank\" rel=\"noopener noreferrer\"><em>Cantos y revueltas<\/em><\/a>, that was premiered in January 2018 and recorded live for this double CD \/ DVD, together with other highlights by Pacho, Neruda, Villalobos or Piazzolla. Hern\u00e1ndez-Silva is also going to premiere on next November Efra\u00edn Oscher&#8217;s <em>Danzas Latinas for trumpet and orchestra<\/em>, a commission of the Real Filharmon\u00eda, withPacho Flores.<\/p>\n<p><img decoding=\"async\" class=\"aligncenter size-medium wp-image-4809\" src=\"https:\/\/acmconcerts.com\/wp-content\/uploads\/2017\/09\/manuel_hernandez-silva_ensayo_oja_color-800x600.jpg\" alt=\"\" width=\"800\" height=\"600\" \/><\/p>\n<p style=\"text-align: justify;\">Hern\u00e1ndez-Silva will complete this month his first and fifth season as Principal and Artistic Director of the Navarra Symphony Orchestra and the Malaga Philharmonic Orchestra respectively, but an intense summer awaits him. After returning from Buenos Aires, he will continue with one of the activities he&#8217;s most passionate about: working with young people; on the one hand with a series of concerts with the <a href=\"http:\/\/orquestafilarmonicademalaga.com\/concierto\/joba-encuentro-de-julio-2\/\">Young Baroque Orchestra of Andalusia<\/a>; and on the other hand with the <a href=\"http:\/\/orquestafilarmonicademalaga.com\/ii-curso-magistral-de-direccion-de-orquesta-2\/\">Masterclass in Orchestral Conducting<\/a> organised by the Malaga Philharmonic Orchestra. Hern\u00e1ndez-Silva will then make his debut at Pollen\u00e7a Festival in Mallorca, along with Pacho Flores and the Symphony Orchestra of the Balearic Islands, and conduct a Homage to Gayarre with the Navarra Symphony Orchestra.<\/p>\n<p>&nbsp;<\/p>\n<p>&nbsp;<\/p>\n<p style=\"text-align: justify;\">\u00a0<\/p>\n","protected":false},"excerpt":{"rendered":"<p>Manuel Hern\u00e1ndez-Silva returns to Teatro Col\u00f3n to conduct the Philharmonic Orchestra of Buenos Aires in the absolute premiere of Ave F\u00e9nix by Argentinian composer Claudia Montero, winner of four Grammy awards. In addition, maestro Hern\u00e1ndez-Silva will accompany Croatian pianist Martina Filjak by Saint-S\u00e4ens Concert No. 2, op. 22 in G minor and conduct Dvo\u0159ak&#8217;s Symphony [&hellip;]<\/p>\n","protected":false},"author":3,"featured_media":6371,"comment_status":"closed","ping_status":"closed","sticky":false,"template":"","format":"standard","meta":{"_et_pb_use_builder":"","_et_pb_old_content":"","_et_gb_content_width":"","_monsterinsights_skip_tracking":false,"_monsterinsights_sitenote_active":false,"_monsterinsights_sitenote_note":"","_monsterinsights_sitenote_category":0,"_ayudawp_aiss_exclude":false,"footnotes":""},"categories":[4],"tags":[769,771,772,796,803,805,879,883,5037,5038,5039],"class_list":["post-7559","post","type-post","status-publish","format-standard","has-post-thumbnail","hentry","category-news","tag-orquesta-filarmonica-de-malaga-en","tag-orquesta-sinfonica-de-navarra-en","tag-real-filharmonia-de-galicia-en","tag-filarmonica-de-buenos-aires-en","tag-teatro-colon-en","tag-manuel-hernandez-silva-en","tag-pacho-flores-en","tag-deutsche-grammophon-en","tag-mhs-en","tag-martina-filjak-en","tag-claudia-montero-en"],"yoast_head":"<!-- This site is optimized with the Yoast SEO Premium plugin v27.2 (Yoast SEO v27.2) - https:\/\/yoast.com\/product\/yoast-seo-premium-wordpress\/ -->\n<title>Hern\u00e1ndez-Silva at Teatro Col\u00f3n with the Buenos Aires Philharmonic - ACM Concerts<\/title>\n<meta name=\"description\" content=\"Hern\u00e1ndez-Silva returns to Teatro Col\u00f3n to conduct the Philharmonic Orchestra of Buenos Aires in the absolute premiere of Ave F\u00e9nix by Claudia Montero...\" \/>\n<meta name=\"robots\" content=\"index, follow, max-snippet:-1, max-image-preview:large, max-video-preview:-1\" \/>\n<link rel=\"canonical\" href=\"https:\/\/acmconcerts.com\/en\/hernandez-silva-at-teatro-colon-with-the-buenos-aires-philharmonic\/\" \/>\n<meta property=\"og:locale\" content=\"en_US\" \/>\n<meta property=\"og:type\" content=\"article\" \/>\n<meta property=\"og:title\" content=\"Hern\u00e1ndez-Silva at Teatro Col\u00f3n with the Buenos Aires Philharmonic\" \/>\n<meta property=\"og:description\" content=\"Manuel Hern\u00e1ndez-Silva returns to Teatro Col\u00f3n to conduct the Philharmonic Orchestra of Buenos Aires in the absolute premiere of Ave F\u00e9nix by Argentinian\" \/>\n<meta property=\"og:url\" content=\"https:\/\/acmconcerts.com\/en\/hernandez-silva-at-teatro-colon-with-the-buenos-aires-philharmonic\/\" \/>\n<meta property=\"og:site_name\" content=\"ACM Concerts\" \/>\n<meta property=\"article:publisher\" content=\"https:\/\/www.facebook.com\/ACM-Concerts-819784831388420\/\" \/>\n<meta property=\"article:published_time\" content=\"2019-06-17T11:25:56+00:00\" \/>\n<meta property=\"article:modified_time\" content=\"2019-06-18T16:38:10+00:00\" \/>\n<meta property=\"og:image\" content=\"https:\/\/acmconcerts.com\/wp-content\/uploads\/2018\/07\/hernandez_silva_negro_sobre_blanco_apaisada_1-e1542184359460.jpg\" \/>\n\t<meta property=\"og:image:width\" content=\"1920\" \/>\n\t<meta property=\"og:image:height\" content=\"979\" \/>\n\t<meta property=\"og:image:type\" content=\"image\/jpeg\" \/>\n<meta name=\"author\" content=\"ACM Concerts\" \/>\n<meta name=\"twitter:card\" content=\"summary_large_image\" \/>\n<meta name=\"twitter:creator\" content=\"@acmconcerts\" \/>\n<meta name=\"twitter:site\" content=\"@acmconcerts\" \/>\n<script type=\"application\/ld+json\" class=\"yoast-schema-graph\">{\"@context\":\"https:\/\/schema.org\",\"@graph\":[{\"@type\":\"Article\",\"@id\":\"https:\/\/acmconcerts.com\/en\/hernandez-silva-at-teatro-colon-with-the-buenos-aires-philharmonic\/#article\",\"isPartOf\":{\"@id\":\"https:\/\/acmconcerts.com\/en\/hernandez-silva-at-teatro-colon-with-the-buenos-aires-philharmonic\/\"},\"author\":{\"name\":\"ACM Concerts\",\"@id\":\"https:\/\/acmconcerts.com\/#\/schema\/person\/bac796604145afa5b858f275aa6e205d\"},\"headline\":\"Hern\u00e1ndez-Silva at Teatro Col\u00f3n with the Buenos Aires Philharmonic\",\"datePublished\":\"2019-06-17T11:25:56+00:00\",\"dateModified\":\"2019-06-18T16:38:10+00:00\",\"mainEntityOfPage\":{\"@id\":\"https:\/\/acmconcerts.com\/en\/hernandez-silva-at-teatro-colon-with-the-buenos-aires-philharmonic\/\"},\"wordCount\":353,\"publisher\":{\"@id\":\"https:\/\/acmconcerts.com\/#organization\"},\"image\":{\"@id\":\"https:\/\/acmconcerts.com\/en\/hernandez-silva-at-teatro-colon-with-the-buenos-aires-philharmonic\/#primaryimage\"},\"thumbnailUrl\":\"https:\/\/acmconcerts.com\/wp-content\/uploads\/2018\/07\/hernandez_silva_negro_sobre_blanco_apaisada_1-e1542184359460.jpg\",\"keywords\":[\"Orquesta Filarm\u00f3nica de M\u00e1laga\",\"Orquesta Sinf\u00f3nica de Navarra\",\"Real Filharmon\u00eda de Galicia\",\"Filarm\u00f3nica de Buenos Aires\",\"Teatro Col\u00f3n\",\"Manuel Hernandez-Silva\",\"Pacho Flores\",\"DEUTSCHE GRAMMOPHON\",\"MHS\",\"Martina Filjak\",\"Claudia Montero\"],\"articleSection\":[\"News\"],\"inLanguage\":\"en-US\"},{\"@type\":\"WebPage\",\"@id\":\"https:\/\/acmconcerts.com\/en\/hernandez-silva-at-teatro-colon-with-the-buenos-aires-philharmonic\/\",\"url\":\"https:\/\/acmconcerts.com\/en\/hernandez-silva-at-teatro-colon-with-the-buenos-aires-philharmonic\/\",\"name\":\"Hern\u00e1ndez-Silva at Teatro Col\u00f3n with the Buenos Aires Philharmonic - ACM Concerts\",\"isPartOf\":{\"@id\":\"https:\/\/acmconcerts.com\/#website\"},\"primaryImageOfPage\":{\"@id\":\"https:\/\/acmconcerts.com\/en\/hernandez-silva-at-teatro-colon-with-the-buenos-aires-philharmonic\/#primaryimage\"},\"image\":{\"@id\":\"https:\/\/acmconcerts.com\/en\/hernandez-silva-at-teatro-colon-with-the-buenos-aires-philharmonic\/#primaryimage\"},\"thumbnailUrl\":\"https:\/\/acmconcerts.com\/wp-content\/uploads\/2018\/07\/hernandez_silva_negro_sobre_blanco_apaisada_1-e1542184359460.jpg\",\"datePublished\":\"2019-06-17T11:25:56+00:00\",\"dateModified\":\"2019-06-18T16:38:10+00:00\",\"description\":\"Hern\u00e1ndez-Silva returns to Teatro Col\u00f3n to conduct the Philharmonic Orchestra of Buenos Aires in the absolute premiere of Ave F\u00e9nix by Claudia Montero...\",\"breadcrumb\":{\"@id\":\"https:\/\/acmconcerts.com\/en\/hernandez-silva-at-teatro-colon-with-the-buenos-aires-philharmonic\/#breadcrumb\"},\"inLanguage\":\"en-US\",\"potentialAction\":[{\"@type\":\"ReadAction\",\"target\":[\"https:\/\/acmconcerts.com\/en\/hernandez-silva-at-teatro-colon-with-the-buenos-aires-philharmonic\/\"]}]},{\"@type\":\"ImageObject\",\"inLanguage\":\"en-US\",\"@id\":\"https:\/\/acmconcerts.com\/en\/hernandez-silva-at-teatro-colon-with-the-buenos-aires-philharmonic\/#primaryimage\",\"url\":\"https:\/\/acmconcerts.com\/wp-content\/uploads\/2018\/07\/hernandez_silva_negro_sobre_blanco_apaisada_1-e1542184359460.jpg\",\"contentUrl\":\"https:\/\/acmconcerts.com\/wp-content\/uploads\/2018\/07\/hernandez_silva_negro_sobre_blanco_apaisada_1-e1542184359460.jpg\",\"width\":1920,\"height\":979,\"caption\":\"Hern\u00e1ndez-Silva opens the season of the Buenos Aires Philharmonic\"},{\"@type\":\"BreadcrumbList\",\"@id\":\"https:\/\/acmconcerts.com\/en\/hernandez-silva-at-teatro-colon-with-the-buenos-aires-philharmonic\/#breadcrumb\",\"itemListElement\":[{\"@type\":\"ListItem\",\"position\":1,\"name\":\"Portada\",\"item\":\"https:\/\/acmconcerts.com\/en\/\"},{\"@type\":\"ListItem\",\"position\":2,\"name\":\"Hern\u00e1ndez-Silva at Teatro Col\u00f3n with the Buenos Aires Philharmonic\"}]},{\"@type\":\"WebSite\",\"@id\":\"https:\/\/acmconcerts.com\/#website\",\"url\":\"https:\/\/acmconcerts.com\/\",\"name\":\"ACM Concerts\",\"description\":\"Agencia art\u00edstica\",\"publisher\":{\"@id\":\"https:\/\/acmconcerts.com\/#organization\"},\"potentialAction\":[{\"@type\":\"SearchAction\",\"target\":{\"@type\":\"EntryPoint\",\"urlTemplate\":\"https:\/\/acmconcerts.com\/?s={search_term_string}\"},\"query-input\":{\"@type\":\"PropertyValueSpecification\",\"valueRequired\":true,\"valueName\":\"search_term_string\"}}],\"inLanguage\":\"en-US\"},{\"@type\":\"Organization\",\"@id\":\"https:\/\/acmconcerts.com\/#organization\",\"name\":\"ACM Concerts\",\"url\":\"https:\/\/acmconcerts.com\/\",\"logo\":{\"@type\":\"ImageObject\",\"inLanguage\":\"en-US\",\"@id\":\"https:\/\/acmconcerts.com\/#\/schema\/logo\/image\/\",\"url\":\"https:\/\/acmconcerts.com\/wp-content\/uploads\/2015\/11\/logo-ACM-grande-e1447756158188.jpg\",\"contentUrl\":\"https:\/\/acmconcerts.com\/wp-content\/uploads\/2015\/11\/logo-ACM-grande-e1447756158188.jpg\",\"width\":600,\"height\":146,\"caption\":\"ACM Concerts\"},\"image\":{\"@id\":\"https:\/\/acmconcerts.com\/#\/schema\/logo\/image\/\"},\"sameAs\":[\"https:\/\/www.facebook.com\/ACM-Concerts-819784831388420\/\",\"https:\/\/x.com\/acmconcerts\",\"https:\/\/www.youtube.com\/user\/acmconcerts\"]},{\"@type\":\"Person\",\"@id\":\"https:\/\/acmconcerts.com\/#\/schema\/person\/bac796604145afa5b858f275aa6e205d\",\"name\":\"ACM Concerts\",\"url\":\"https:\/\/acmconcerts.com\/en\/author\/carlos-magan\/\"}]}<\/script>\n<!-- \/ Yoast SEO Premium plugin. -->","yoast_head_json":{"title":"Hern\u00e1ndez-Silva at Teatro Col\u00f3n with the Buenos Aires Philharmonic - ACM Concerts","description":"Hern\u00e1ndez-Silva returns to Teatro Col\u00f3n to conduct the Philharmonic Orchestra of Buenos Aires in the absolute premiere of Ave F\u00e9nix by Claudia Montero...","robots":{"index":"index","follow":"follow","max-snippet":"max-snippet:-1","max-image-preview":"max-image-preview:large","max-video-preview":"max-video-preview:-1"},"canonical":"https:\/\/acmconcerts.com\/en\/hernandez-silva-at-teatro-colon-with-the-buenos-aires-philharmonic\/","og_locale":"en_US","og_type":"article","og_title":"Hern\u00e1ndez-Silva at Teatro Col\u00f3n with the Buenos Aires Philharmonic","og_description":"Manuel Hern\u00e1ndez-Silva returns to Teatro Col\u00f3n to conduct the Philharmonic Orchestra of Buenos Aires in the absolute premiere of Ave F\u00e9nix by Argentinian","og_url":"https:\/\/acmconcerts.com\/en\/hernandez-silva-at-teatro-colon-with-the-buenos-aires-philharmonic\/","og_site_name":"ACM Concerts","article_publisher":"https:\/\/www.facebook.com\/ACM-Concerts-819784831388420\/","article_published_time":"2019-06-17T11:25:56+00:00","article_modified_time":"2019-06-18T16:38:10+00:00","og_image":[{"width":1920,"height":979,"url":"https:\/\/acmconcerts.com\/wp-content\/uploads\/2018\/07\/hernandez_silva_negro_sobre_blanco_apaisada_1-e1542184359460.jpg","type":"image\/jpeg"}],"author":"ACM Concerts","twitter_card":"summary_large_image","twitter_creator":"@acmconcerts","twitter_site":"@acmconcerts","schema":{"@context":"https:\/\/schema.org","@graph":[{"@type":"Article","@id":"https:\/\/acmconcerts.com\/en\/hernandez-silva-at-teatro-colon-with-the-buenos-aires-philharmonic\/#article","isPartOf":{"@id":"https:\/\/acmconcerts.com\/en\/hernandez-silva-at-teatro-colon-with-the-buenos-aires-philharmonic\/"},"author":{"name":"ACM Concerts","@id":"https:\/\/acmconcerts.com\/#\/schema\/person\/bac796604145afa5b858f275aa6e205d"},"headline":"Hern\u00e1ndez-Silva at Teatro Col\u00f3n with the Buenos Aires Philharmonic","datePublished":"2019-06-17T11:25:56+00:00","dateModified":"2019-06-18T16:38:10+00:00","mainEntityOfPage":{"@id":"https:\/\/acmconcerts.com\/en\/hernandez-silva-at-teatro-colon-with-the-buenos-aires-philharmonic\/"},"wordCount":353,"publisher":{"@id":"https:\/\/acmconcerts.com\/#organization"},"image":{"@id":"https:\/\/acmconcerts.com\/en\/hernandez-silva-at-teatro-colon-with-the-buenos-aires-philharmonic\/#primaryimage"},"thumbnailUrl":"https:\/\/acmconcerts.com\/wp-content\/uploads\/2018\/07\/hernandez_silva_negro_sobre_blanco_apaisada_1-e1542184359460.jpg","keywords":["Orquesta Filarm\u00f3nica de M\u00e1laga","Orquesta Sinf\u00f3nica de Navarra","Real Filharmon\u00eda de Galicia","Filarm\u00f3nica de Buenos Aires","Teatro Col\u00f3n","Manuel Hernandez-Silva","Pacho Flores","DEUTSCHE GRAMMOPHON","MHS","Martina Filjak","Claudia Montero"],"articleSection":["News"],"inLanguage":"en-US"},{"@type":"WebPage","@id":"https:\/\/acmconcerts.com\/en\/hernandez-silva-at-teatro-colon-with-the-buenos-aires-philharmonic\/","url":"https:\/\/acmconcerts.com\/en\/hernandez-silva-at-teatro-colon-with-the-buenos-aires-philharmonic\/","name":"Hern\u00e1ndez-Silva at Teatro Col\u00f3n with the Buenos Aires Philharmonic - ACM Concerts","isPartOf":{"@id":"https:\/\/acmconcerts.com\/#website"},"primaryImageOfPage":{"@id":"https:\/\/acmconcerts.com\/en\/hernandez-silva-at-teatro-colon-with-the-buenos-aires-philharmonic\/#primaryimage"},"image":{"@id":"https:\/\/acmconcerts.com\/en\/hernandez-silva-at-teatro-colon-with-the-buenos-aires-philharmonic\/#primaryimage"},"thumbnailUrl":"https:\/\/acmconcerts.com\/wp-content\/uploads\/2018\/07\/hernandez_silva_negro_sobre_blanco_apaisada_1-e1542184359460.jpg","datePublished":"2019-06-17T11:25:56+00:00","dateModified":"2019-06-18T16:38:10+00:00","description":"Hern\u00e1ndez-Silva returns to Teatro Col\u00f3n to conduct the Philharmonic Orchestra of Buenos Aires in the absolute premiere of Ave F\u00e9nix by Claudia Montero...","breadcrumb":{"@id":"https:\/\/acmconcerts.com\/en\/hernandez-silva-at-teatro-colon-with-the-buenos-aires-philharmonic\/#breadcrumb"},"inLanguage":"en-US","potentialAction":[{"@type":"ReadAction","target":["https:\/\/acmconcerts.com\/en\/hernandez-silva-at-teatro-colon-with-the-buenos-aires-philharmonic\/"]}]},{"@type":"ImageObject","inLanguage":"en-US","@id":"https:\/\/acmconcerts.com\/en\/hernandez-silva-at-teatro-colon-with-the-buenos-aires-philharmonic\/#primaryimage","url":"https:\/\/acmconcerts.com\/wp-content\/uploads\/2018\/07\/hernandez_silva_negro_sobre_blanco_apaisada_1-e1542184359460.jpg","contentUrl":"https:\/\/acmconcerts.com\/wp-content\/uploads\/2018\/07\/hernandez_silva_negro_sobre_blanco_apaisada_1-e1542184359460.jpg","width":1920,"height":979,"caption":"Hern\u00e1ndez-Silva opens the season of the Buenos Aires Philharmonic"},{"@type":"BreadcrumbList","@id":"https:\/\/acmconcerts.com\/en\/hernandez-silva-at-teatro-colon-with-the-buenos-aires-philharmonic\/#breadcrumb","itemListElement":[{"@type":"ListItem","position":1,"name":"Portada","item":"https:\/\/acmconcerts.com\/en\/"},{"@type":"ListItem","position":2,"name":"Hern\u00e1ndez-Silva at Teatro Col\u00f3n with the Buenos Aires Philharmonic"}]},{"@type":"WebSite","@id":"https:\/\/acmconcerts.com\/#website","url":"https:\/\/acmconcerts.com\/","name":"ACM Concerts","description":"Agencia art\u00edstica","publisher":{"@id":"https:\/\/acmconcerts.com\/#organization"},"potentialAction":[{"@type":"SearchAction","target":{"@type":"EntryPoint","urlTemplate":"https:\/\/acmconcerts.com\/?s={search_term_string}"},"query-input":{"@type":"PropertyValueSpecification","valueRequired":true,"valueName":"search_term_string"}}],"inLanguage":"en-US"},{"@type":"Organization","@id":"https:\/\/acmconcerts.com\/#organization","name":"ACM Concerts","url":"https:\/\/acmconcerts.com\/","logo":{"@type":"ImageObject","inLanguage":"en-US","@id":"https:\/\/acmconcerts.com\/#\/schema\/logo\/image\/","url":"https:\/\/acmconcerts.com\/wp-content\/uploads\/2015\/11\/logo-ACM-grande-e1447756158188.jpg","contentUrl":"https:\/\/acmconcerts.com\/wp-content\/uploads\/2015\/11\/logo-ACM-grande-e1447756158188.jpg","width":600,"height":146,"caption":"ACM Concerts"},"image":{"@id":"https:\/\/acmconcerts.com\/#\/schema\/logo\/image\/"},"sameAs":["https:\/\/www.facebook.com\/ACM-Concerts-819784831388420\/","https:\/\/x.com\/acmconcerts","https:\/\/www.youtube.com\/user\/acmconcerts"]},{"@type":"Person","@id":"https:\/\/acmconcerts.com\/#\/schema\/person\/bac796604145afa5b858f275aa6e205d","name":"ACM Concerts","url":"https:\/\/acmconcerts.com\/en\/author\/carlos-magan\/"}]}},"_links":{"self":[{"href":"https:\/\/acmconcerts.com\/en\/wp-json\/wp\/v2\/posts\/7559","targetHints":{"allow":["GET"]}}],"collection":[{"href":"https:\/\/acmconcerts.com\/en\/wp-json\/wp\/v2\/posts"}],"about":[{"href":"https:\/\/acmconcerts.com\/en\/wp-json\/wp\/v2\/types\/post"}],"author":[{"embeddable":true,"href":"https:\/\/acmconcerts.com\/en\/wp-json\/wp\/v2\/users\/3"}],"replies":[{"embeddable":true,"href":"https:\/\/acmconcerts.com\/en\/wp-json\/wp\/v2\/comments?post=7559"}],"version-history":[{"count":0,"href":"https:\/\/acmconcerts.com\/en\/wp-json\/wp\/v2\/posts\/7559\/revisions"}],"wp:featuredmedia":[{"embeddable":true,"href":"https:\/\/acmconcerts.com\/en\/wp-json\/wp\/v2\/media\/6371"}],"wp:attachment":[{"href":"https:\/\/acmconcerts.com\/en\/wp-json\/wp\/v2\/media?parent=7559"}],"wp:term":[{"taxonomy":"category","embeddable":true,"href":"https:\/\/acmconcerts.com\/en\/wp-json\/wp\/v2\/categories?post=7559"},{"taxonomy":"post_tag","embeddable":true,"href":"https:\/\/acmconcerts.com\/en\/wp-json\/wp\/v2\/tags?post=7559"}],"curies":[{"name":"wp","href":"https:\/\/api.w.org\/{rel}","templated":true}]}}