{"id":7051,"date":"2019-01-27T20:52:50","date_gmt":"2019-01-27T18:52:50","guid":{"rendered":"https:\/\/acmconcerts.com\/?p=7051"},"modified":"2019-01-28T20:47:29","modified_gmt":"2019-01-28T18:47:29","slug":"pacho-flores-dazzles-in-tucson","status":"publish","type":"post","link":"https:\/\/acmconcerts.com\/en\/pacho-flores-dazzles-in-tucson\/","title":{"rendered":"Pacho Flores dazzles in Tucson"},"content":{"rendered":"<div style=\"text-align: justify;\"><span style=\"color: #000000;\">ONE:<b>\u00a0this is a brilliant program.\u00a0<\/b>Two brass concerti, featuring Venezuelan super-virtuoso Pacho Flores, and two popular Aaron Copland works, were bookended by sublime overtures by Mozart and Bernstein. ONE-A: a surprising common musical thread weaves its way through Mozart&#8217;s\u00a0Overture to &#8216;The Abduction from the Seraglio&#8217;, the &#8216;Concerto for Corno da Caccia&#8217;, by J.B.G. Neruda (a contemporary of Bach and Mozart), and the first movement of the new Arturo M\u00e1rquez &#8216;<a href=\"\/?p=7012\" target=\"_blank\" rel=\"noopener\">Concerto for Trumpet<\/a>&#8216; \u2013 a sustained, repeated melodic syncopation. The TSO Music Director, Jos\u00e9 Luis Gomez, is a sly one!<\/span><\/div>\n<div>\u00a0<\/div>\n<div>\n<div id=\"attachment_7053\" style=\"width: 810px\" class=\"wp-caption aligncenter\"><img decoding=\"async\" aria-describedby=\"caption-attachment-7053\" class=\"size-medium wp-image-7053\" src=\"https:\/\/acmconcerts.com\/wp-content\/uploads\/2019\/01\/pacho_flores_jl_gomez_tucson_symphony_marquez-800x484.jpg\" alt=\"Pacho Flores y Jos\u00e9 Luis G\u00f3mez con la Tucson Symphony en el estreno del Concierto de Oto\u00f1o de Arturo M\u00e1rquez\" width=\"800\" height=\"484\" srcset=\"https:\/\/acmconcerts.com\/wp-content\/uploads\/2019\/01\/pacho_flores_jl_gomez_tucson_symphony_marquez-800x484.jpg 800w, https:\/\/acmconcerts.com\/wp-content\/uploads\/2019\/01\/pacho_flores_jl_gomez_tucson_symphony_marquez-1080x653.jpg 1080w, https:\/\/acmconcerts.com\/wp-content\/uploads\/2019\/01\/pacho_flores_jl_gomez_tucson_symphony_marquez.jpg 1600w\" sizes=\"(max-width: 800px) 100vw, 800px\" \/><p id=\"caption-attachment-7053\" class=\"wp-caption-text\">Copyright: Steven Gendel<\/p><\/div>\n<\/div>\n<div style=\"text-align: justify;\">\u00a0<\/div>\n<div style=\"text-align: justify;\"><span style=\"color: #000000;\">TWO: this performance by<b>\u00a0Pacho Flores<\/b>\u00a0was a soulful and energetic gift to this audience. His<b>\u00a0tone, articulations, and musicality are masterly, while his virtuosity is both easy and mesmerizing.<\/b>\u00a0TWO-A: the Marqu\u00e9z Concerto, written specifically for Pacho, covers a vast array of styles, and utilizes a different type of &#8220;corno&#8221; instrument for each movement. The finale, a virtuosic masterpiece, was given a BLISTERING, ear-opening performance by Pacho Flores \u2013 worth the price of admission alone. Even the (infamously sleepy) Tucson classical concert crowd was wowed to ovation. TWO-B: Se\u00f1or Flores has a decidedly humorous side to his stage presence. To whit: solo brass performances always contain the necessary act of emptying the spit valves on the instrument. In the Neruda concerto, Pacho, large in physical stature, went through this routine with his miniature horn, emptying one valve, then holding the instrument above head level, to blow the saliva out of the second valve. Every player must engage in this chore, yet repeatedly executed, directly in front of the audience under spotlight, almost became a comic relief act during the beautifully and generously performed concerto. When, at the the end of the M\u00e1rquez concerto, and again after the accompanied encore, Pacho tooted a spoiler note towards his comrade in arms, Jos\u00e9 Luis, the complete picture of his honest, open, and lovable joviality was complete.\u00a0<b>Great musicianship and fun showmanship all around!<\/b>\u00a0As composer Marqu\u00e9z, who was here for this premier, came to the stage, a heart-warming, congratulatory celebration ensued between these three latin musical stars. What a treat for both the audience the orchestra!<\/span><\/div>\n<div style=\"text-align: justify;\">\u00a0<\/div>\n<div><img decoding=\"async\" class=\"aligncenter size-medium wp-image-7057\" src=\"https:\/\/acmconcerts.com\/wp-content\/uploads\/2019\/01\/pacho_flores_arturo_marquez_estreno_tucson-640x800.jpg\" alt=\"Arturo M\u00e1rquez y Pacho Flores\" width=\"640\" height=\"800\" srcset=\"https:\/\/acmconcerts.com\/wp-content\/uploads\/2019\/01\/pacho_flores_arturo_marquez_estreno_tucson-640x800.jpg 640w, https:\/\/acmconcerts.com\/wp-content\/uploads\/2019\/01\/pacho_flores_arturo_marquez_estreno_tucson.jpg 1080w\" sizes=\"(max-width: 640px) 100vw, 640px\" \/><\/div>\n<div style=\"text-align: justify;\">\u00a0<\/div>\n<div style=\"text-align: justify;\"><span style=\"color: #000000;\">The second half opened &#8212; accompanied by the orchestra playing Copeland&#8217;s familiar &#8216;Our Town&#8217; &#8212; with\u00a0<b>a splendid\u00a0photographic presentation,\u00a0<\/b>projected above the Music Hall stage,<b>of the history of the TSO, now in its 90<\/b><sup><b>th<\/b><\/sup><b>\u00a0year, and other events and places in this city&#8217;s storied cultural\u00a0history<\/b>. A very moving experience for everyone in attendance. The second half feature, the ever-popular &#8216;Four Selections From Rodeo&#8217; by Copeland, and especially\u00a0Bernstein&#8217;s virtuoso circus for orchestra, A.K.A. &#8216;The Overture to Candide&#8217;, were given, on this night, top notch\u00a0execution and interpretation. These closing pieces, again, as we have come to expect, showed off the\u00a0beautiful marriage of this orchestra and its Music Director. This is a fine, fun, and talented ensemble, whose love for its conductor is expressed in how well they respond to his exuberant, expressive direction. It is obvious, watching and listening, that this immense positive energy overflows in both directions.\u00a0<b>This longish program, was yet satisfying\u00a0every joyful step of the way. Bravi, tutti!<\/b><\/span><\/div>\n<div style=\"text-align: justify;\">\u00a0<\/div>\n<div style=\"text-align: justify;\">\n<div style=\"text-align: justify;\"><span style=\"color: #000000;\">Friday night, 25 January 2019, Tucson Symphony Orchestra&#8217;s\u00a0<b>&#8216;Fresh Music, Copland and More&#8217;<\/b>\u00a0Classic concert:<\/span><\/div>\n<div style=\"text-align: justify;\"><span style=\"color: #000000;\"><a href=\"https:\/\/gendelsmusicreviews.blogspot.com\/2019\/01\/pacho-flores-dazzles-in-tucson.html?m=1&amp;fbclid=IwAR00kXQJOAK54ETYmaAvqQLKms2Itii1NF2h3bHHKYeTA97wGfS-AoktXcg\" target=\"_blank\" rel=\"noopener\">gendelsmusicreviews.blogspot.com<\/a> &#8211; Steven Gendel &#8211; Tucson, 26.01.2019<\/span><\/div>\n<\/div>\n<div>\u00a0<\/div>\n<div>\u00a0<\/div>\n<div>\u00a0<\/div>\n<div>\u00a0<\/div>\n<div>\u00a0<\/div>\n<div>\u00a0<\/div>\n<div>\u00a0<\/div>\n","protected":false},"excerpt":{"rendered":"<p>ONE:\u00a0this is a brilliant program.\u00a0Two brass concerti, featuring Venezuelan super-virtuoso Pacho Flores, and two popular Aaron Copland works, were bookended by sublime overtures by Mozart and Bernstein. ONE-A: a surprising common musical thread weaves its way through Mozart&#8217;s\u00a0Overture to &#8216;The Abduction from the Seraglio&#8217;, the &#8216;Concerto for Corno da Caccia&#8217;, by J.B.G. Neruda (a contemporary [&hellip;]<\/p>\n","protected":false},"author":3,"featured_media":7055,"comment_status":"closed","ping_status":"closed","sticky":false,"template":"","format":"standard","meta":{"_et_pb_use_builder":"","_et_pb_old_content":"","_et_gb_content_width":"","_monsterinsights_skip_tracking":false,"_monsterinsights_sitenote_active":false,"_monsterinsights_sitenote_note":"","_monsterinsights_sitenote_category":0,"_ayudawp_aiss_exclude":false,"footnotes":""},"categories":[4],"tags":[1708,1717,1718,1922,4081,4085,4624,4631,4632,4633,879,885,1011],"class_list":["post-7051","post","type-post","status-publish","format-standard","has-post-thumbnail","hentry","category-news","tag-christian-lindberg-en","tag-roberto-sierra-en","tag-arturo-marquez-en","tag-michiyoshi-inoue-en","tag-tucson-symphony","tag-oviedo-filarmonia","tag-daniel-freiberg","tag-orquesta-nacional-de-mexico","tag-carlos-miguel-prieto","tag-jose-luis-gomez","tag-pacho-flores-en","tag-efrain-oscher-en","tag-paquito-drivera"],"yoast_head":"<!-- This site is optimized with the Yoast SEO Premium plugin v27.2 (Yoast SEO v27.2) - https:\/\/yoast.com\/product\/yoast-seo-premium-wordpress\/ -->\n<title>Pacho Flores dazzles in Tucson - ACM Concerts<\/title>\n<meta name=\"description\" content=\"This is a brilliant program.\u00a0Two brass concerti, featuring Venezuelan super-virtuoso Pacho Flores, and two popular Aaron Copeland works...\" \/>\n<meta name=\"robots\" content=\"index, follow, max-snippet:-1, max-image-preview:large, max-video-preview:-1\" \/>\n<link rel=\"canonical\" href=\"https:\/\/acmconcerts.com\/en\/pacho-flores-dazzles-in-tucson\/\" \/>\n<meta property=\"og:locale\" content=\"en_US\" \/>\n<meta property=\"og:type\" content=\"article\" \/>\n<meta property=\"og:title\" content=\"Pacho Flores dazzles in Tucson\" \/>\n<meta property=\"og:description\" content=\"ONE:\u00a0this is a brilliant program.\u00a0Two brass concerti, featuring Venezuelan super-virtuoso Pacho Flores, and two popular Aaron Copland works, were\" \/>\n<meta property=\"og:url\" content=\"https:\/\/acmconcerts.com\/en\/pacho-flores-dazzles-in-tucson\/\" \/>\n<meta property=\"og:site_name\" content=\"ACM Concerts\" \/>\n<meta property=\"article:publisher\" content=\"https:\/\/www.facebook.com\/ACM-Concerts-819784831388420\/\" \/>\n<meta property=\"article:published_time\" content=\"2019-01-27T18:52:50+00:00\" \/>\n<meta property=\"article:modified_time\" content=\"2019-01-28T18:47:29+00:00\" \/>\n<meta property=\"og:image\" content=\"https:\/\/acmconcerts.com\/wp-content\/uploads\/2019\/01\/arturo_marquez_jose_luis_gomez_pacho_flores_tucson.jpg\" \/>\n\t<meta property=\"og:image:width\" content=\"1275\" \/>\n\t<meta property=\"og:image:height\" content=\"1027\" \/>\n\t<meta property=\"og:image:type\" content=\"image\/jpeg\" \/>\n<meta name=\"author\" content=\"ACM Concerts\" \/>\n<meta name=\"twitter:card\" content=\"summary_large_image\" \/>\n<meta name=\"twitter:creator\" content=\"@acmconcerts\" \/>\n<meta name=\"twitter:site\" content=\"@acmconcerts\" \/>\n<script type=\"application\/ld+json\" class=\"yoast-schema-graph\">{\"@context\":\"https:\/\/schema.org\",\"@graph\":[{\"@type\":\"Article\",\"@id\":\"https:\/\/acmconcerts.com\/en\/pacho-flores-dazzles-in-tucson\/#article\",\"isPartOf\":{\"@id\":\"https:\/\/acmconcerts.com\/en\/pacho-flores-dazzles-in-tucson\/\"},\"author\":{\"name\":\"ACM Concerts\",\"@id\":\"https:\/\/acmconcerts.com\/#\/schema\/person\/bac796604145afa5b858f275aa6e205d\"},\"headline\":\"Pacho Flores dazzles in Tucson\",\"datePublished\":\"2019-01-27T18:52:50+00:00\",\"dateModified\":\"2019-01-28T18:47:29+00:00\",\"mainEntityOfPage\":{\"@id\":\"https:\/\/acmconcerts.com\/en\/pacho-flores-dazzles-in-tucson\/\"},\"wordCount\":569,\"publisher\":{\"@id\":\"https:\/\/acmconcerts.com\/#organization\"},\"image\":{\"@id\":\"https:\/\/acmconcerts.com\/en\/pacho-flores-dazzles-in-tucson\/#primaryimage\"},\"thumbnailUrl\":\"https:\/\/acmconcerts.com\/wp-content\/uploads\/2019\/01\/arturo_marquez_jose_luis_gomez_pacho_flores_tucson.jpg\",\"keywords\":[\"Christian Lindberg\",\"Roberto Sierra\",\"Arturo M\u00e1rquez\",\"Michiyoshi Inoue\",\"Tucson Symphony\",\"Oviedo Filarmon\u00eda\",\"Daniel Freiberg\",\"Orquesta Nacional de M\u00e9xico\",\"Carlos Miguel Prieto\",\"Jos\u00e9 Luis G\u00f3mez\",\"Pacho Flores\",\"Efra\u00edn Oscher\",\"Paquito D'Rivera\"],\"articleSection\":[\"News\"],\"inLanguage\":\"en-US\"},{\"@type\":\"WebPage\",\"@id\":\"https:\/\/acmconcerts.com\/en\/pacho-flores-dazzles-in-tucson\/\",\"url\":\"https:\/\/acmconcerts.com\/en\/pacho-flores-dazzles-in-tucson\/\",\"name\":\"Pacho Flores dazzles in Tucson - ACM Concerts\",\"isPartOf\":{\"@id\":\"https:\/\/acmconcerts.com\/#website\"},\"primaryImageOfPage\":{\"@id\":\"https:\/\/acmconcerts.com\/en\/pacho-flores-dazzles-in-tucson\/#primaryimage\"},\"image\":{\"@id\":\"https:\/\/acmconcerts.com\/en\/pacho-flores-dazzles-in-tucson\/#primaryimage\"},\"thumbnailUrl\":\"https:\/\/acmconcerts.com\/wp-content\/uploads\/2019\/01\/arturo_marquez_jose_luis_gomez_pacho_flores_tucson.jpg\",\"datePublished\":\"2019-01-27T18:52:50+00:00\",\"dateModified\":\"2019-01-28T18:47:29+00:00\",\"description\":\"This is a brilliant program.\u00a0Two brass concerti, featuring Venezuelan super-virtuoso Pacho Flores, and two popular Aaron Copeland works...\",\"breadcrumb\":{\"@id\":\"https:\/\/acmconcerts.com\/en\/pacho-flores-dazzles-in-tucson\/#breadcrumb\"},\"inLanguage\":\"en-US\",\"potentialAction\":[{\"@type\":\"ReadAction\",\"target\":[\"https:\/\/acmconcerts.com\/en\/pacho-flores-dazzles-in-tucson\/\"]}]},{\"@type\":\"ImageObject\",\"inLanguage\":\"en-US\",\"@id\":\"https:\/\/acmconcerts.com\/en\/pacho-flores-dazzles-in-tucson\/#primaryimage\",\"url\":\"https:\/\/acmconcerts.com\/wp-content\/uploads\/2019\/01\/arturo_marquez_jose_luis_gomez_pacho_flores_tucson.jpg\",\"contentUrl\":\"https:\/\/acmconcerts.com\/wp-content\/uploads\/2019\/01\/arturo_marquez_jose_luis_gomez_pacho_flores_tucson.jpg\",\"width\":1275,\"height\":1027,\"caption\":\"Jos\u00e9 Luis G\u00f3mez renews in Tucson until 2027\"},{\"@type\":\"BreadcrumbList\",\"@id\":\"https:\/\/acmconcerts.com\/en\/pacho-flores-dazzles-in-tucson\/#breadcrumb\",\"itemListElement\":[{\"@type\":\"ListItem\",\"position\":1,\"name\":\"Portada\",\"item\":\"https:\/\/acmconcerts.com\/en\/\"},{\"@type\":\"ListItem\",\"position\":2,\"name\":\"Pacho Flores dazzles in Tucson\"}]},{\"@type\":\"WebSite\",\"@id\":\"https:\/\/acmconcerts.com\/#website\",\"url\":\"https:\/\/acmconcerts.com\/\",\"name\":\"ACM Concerts\",\"description\":\"Agencia art\u00edstica\",\"publisher\":{\"@id\":\"https:\/\/acmconcerts.com\/#organization\"},\"potentialAction\":[{\"@type\":\"SearchAction\",\"target\":{\"@type\":\"EntryPoint\",\"urlTemplate\":\"https:\/\/acmconcerts.com\/?s={search_term_string}\"},\"query-input\":{\"@type\":\"PropertyValueSpecification\",\"valueRequired\":true,\"valueName\":\"search_term_string\"}}],\"inLanguage\":\"en-US\"},{\"@type\":\"Organization\",\"@id\":\"https:\/\/acmconcerts.com\/#organization\",\"name\":\"ACM Concerts\",\"url\":\"https:\/\/acmconcerts.com\/\",\"logo\":{\"@type\":\"ImageObject\",\"inLanguage\":\"en-US\",\"@id\":\"https:\/\/acmconcerts.com\/#\/schema\/logo\/image\/\",\"url\":\"https:\/\/acmconcerts.com\/wp-content\/uploads\/2015\/11\/logo-ACM-grande-e1447756158188.jpg\",\"contentUrl\":\"https:\/\/acmconcerts.com\/wp-content\/uploads\/2015\/11\/logo-ACM-grande-e1447756158188.jpg\",\"width\":600,\"height\":146,\"caption\":\"ACM Concerts\"},\"image\":{\"@id\":\"https:\/\/acmconcerts.com\/#\/schema\/logo\/image\/\"},\"sameAs\":[\"https:\/\/www.facebook.com\/ACM-Concerts-819784831388420\/\",\"https:\/\/x.com\/acmconcerts\",\"https:\/\/www.youtube.com\/user\/acmconcerts\"]},{\"@type\":\"Person\",\"@id\":\"https:\/\/acmconcerts.com\/#\/schema\/person\/bac796604145afa5b858f275aa6e205d\",\"name\":\"ACM Concerts\",\"url\":\"https:\/\/acmconcerts.com\/en\/author\/carlos-magan\/\"}]}<\/script>\n<!-- \/ Yoast SEO Premium plugin. -->","yoast_head_json":{"title":"Pacho Flores dazzles in Tucson - ACM Concerts","description":"This is a brilliant program.\u00a0Two brass concerti, featuring Venezuelan super-virtuoso Pacho Flores, and two popular Aaron Copeland works...","robots":{"index":"index","follow":"follow","max-snippet":"max-snippet:-1","max-image-preview":"max-image-preview:large","max-video-preview":"max-video-preview:-1"},"canonical":"https:\/\/acmconcerts.com\/en\/pacho-flores-dazzles-in-tucson\/","og_locale":"en_US","og_type":"article","og_title":"Pacho Flores dazzles in Tucson","og_description":"ONE:\u00a0this is a brilliant program.\u00a0Two brass concerti, featuring Venezuelan super-virtuoso Pacho Flores, and two popular Aaron Copland works, were","og_url":"https:\/\/acmconcerts.com\/en\/pacho-flores-dazzles-in-tucson\/","og_site_name":"ACM Concerts","article_publisher":"https:\/\/www.facebook.com\/ACM-Concerts-819784831388420\/","article_published_time":"2019-01-27T18:52:50+00:00","article_modified_time":"2019-01-28T18:47:29+00:00","og_image":[{"width":1275,"height":1027,"url":"https:\/\/acmconcerts.com\/wp-content\/uploads\/2019\/01\/arturo_marquez_jose_luis_gomez_pacho_flores_tucson.jpg","type":"image\/jpeg"}],"author":"ACM Concerts","twitter_card":"summary_large_image","twitter_creator":"@acmconcerts","twitter_site":"@acmconcerts","schema":{"@context":"https:\/\/schema.org","@graph":[{"@type":"Article","@id":"https:\/\/acmconcerts.com\/en\/pacho-flores-dazzles-in-tucson\/#article","isPartOf":{"@id":"https:\/\/acmconcerts.com\/en\/pacho-flores-dazzles-in-tucson\/"},"author":{"name":"ACM Concerts","@id":"https:\/\/acmconcerts.com\/#\/schema\/person\/bac796604145afa5b858f275aa6e205d"},"headline":"Pacho Flores dazzles in Tucson","datePublished":"2019-01-27T18:52:50+00:00","dateModified":"2019-01-28T18:47:29+00:00","mainEntityOfPage":{"@id":"https:\/\/acmconcerts.com\/en\/pacho-flores-dazzles-in-tucson\/"},"wordCount":569,"publisher":{"@id":"https:\/\/acmconcerts.com\/#organization"},"image":{"@id":"https:\/\/acmconcerts.com\/en\/pacho-flores-dazzles-in-tucson\/#primaryimage"},"thumbnailUrl":"https:\/\/acmconcerts.com\/wp-content\/uploads\/2019\/01\/arturo_marquez_jose_luis_gomez_pacho_flores_tucson.jpg","keywords":["Christian Lindberg","Roberto Sierra","Arturo M\u00e1rquez","Michiyoshi Inoue","Tucson Symphony","Oviedo Filarmon\u00eda","Daniel Freiberg","Orquesta Nacional de M\u00e9xico","Carlos Miguel Prieto","Jos\u00e9 Luis G\u00f3mez","Pacho Flores","Efra\u00edn Oscher","Paquito D'Rivera"],"articleSection":["News"],"inLanguage":"en-US"},{"@type":"WebPage","@id":"https:\/\/acmconcerts.com\/en\/pacho-flores-dazzles-in-tucson\/","url":"https:\/\/acmconcerts.com\/en\/pacho-flores-dazzles-in-tucson\/","name":"Pacho Flores dazzles in Tucson - ACM Concerts","isPartOf":{"@id":"https:\/\/acmconcerts.com\/#website"},"primaryImageOfPage":{"@id":"https:\/\/acmconcerts.com\/en\/pacho-flores-dazzles-in-tucson\/#primaryimage"},"image":{"@id":"https:\/\/acmconcerts.com\/en\/pacho-flores-dazzles-in-tucson\/#primaryimage"},"thumbnailUrl":"https:\/\/acmconcerts.com\/wp-content\/uploads\/2019\/01\/arturo_marquez_jose_luis_gomez_pacho_flores_tucson.jpg","datePublished":"2019-01-27T18:52:50+00:00","dateModified":"2019-01-28T18:47:29+00:00","description":"This is a brilliant program.\u00a0Two brass concerti, featuring Venezuelan super-virtuoso Pacho Flores, and two popular Aaron Copeland works...","breadcrumb":{"@id":"https:\/\/acmconcerts.com\/en\/pacho-flores-dazzles-in-tucson\/#breadcrumb"},"inLanguage":"en-US","potentialAction":[{"@type":"ReadAction","target":["https:\/\/acmconcerts.com\/en\/pacho-flores-dazzles-in-tucson\/"]}]},{"@type":"ImageObject","inLanguage":"en-US","@id":"https:\/\/acmconcerts.com\/en\/pacho-flores-dazzles-in-tucson\/#primaryimage","url":"https:\/\/acmconcerts.com\/wp-content\/uploads\/2019\/01\/arturo_marquez_jose_luis_gomez_pacho_flores_tucson.jpg","contentUrl":"https:\/\/acmconcerts.com\/wp-content\/uploads\/2019\/01\/arturo_marquez_jose_luis_gomez_pacho_flores_tucson.jpg","width":1275,"height":1027,"caption":"Jos\u00e9 Luis G\u00f3mez renews in Tucson until 2027"},{"@type":"BreadcrumbList","@id":"https:\/\/acmconcerts.com\/en\/pacho-flores-dazzles-in-tucson\/#breadcrumb","itemListElement":[{"@type":"ListItem","position":1,"name":"Portada","item":"https:\/\/acmconcerts.com\/en\/"},{"@type":"ListItem","position":2,"name":"Pacho Flores dazzles in Tucson"}]},{"@type":"WebSite","@id":"https:\/\/acmconcerts.com\/#website","url":"https:\/\/acmconcerts.com\/","name":"ACM Concerts","description":"Agencia art\u00edstica","publisher":{"@id":"https:\/\/acmconcerts.com\/#organization"},"potentialAction":[{"@type":"SearchAction","target":{"@type":"EntryPoint","urlTemplate":"https:\/\/acmconcerts.com\/?s={search_term_string}"},"query-input":{"@type":"PropertyValueSpecification","valueRequired":true,"valueName":"search_term_string"}}],"inLanguage":"en-US"},{"@type":"Organization","@id":"https:\/\/acmconcerts.com\/#organization","name":"ACM Concerts","url":"https:\/\/acmconcerts.com\/","logo":{"@type":"ImageObject","inLanguage":"en-US","@id":"https:\/\/acmconcerts.com\/#\/schema\/logo\/image\/","url":"https:\/\/acmconcerts.com\/wp-content\/uploads\/2015\/11\/logo-ACM-grande-e1447756158188.jpg","contentUrl":"https:\/\/acmconcerts.com\/wp-content\/uploads\/2015\/11\/logo-ACM-grande-e1447756158188.jpg","width":600,"height":146,"caption":"ACM Concerts"},"image":{"@id":"https:\/\/acmconcerts.com\/#\/schema\/logo\/image\/"},"sameAs":["https:\/\/www.facebook.com\/ACM-Concerts-819784831388420\/","https:\/\/x.com\/acmconcerts","https:\/\/www.youtube.com\/user\/acmconcerts"]},{"@type":"Person","@id":"https:\/\/acmconcerts.com\/#\/schema\/person\/bac796604145afa5b858f275aa6e205d","name":"ACM Concerts","url":"https:\/\/acmconcerts.com\/en\/author\/carlos-magan\/"}]}},"_links":{"self":[{"href":"https:\/\/acmconcerts.com\/en\/wp-json\/wp\/v2\/posts\/7051","targetHints":{"allow":["GET"]}}],"collection":[{"href":"https:\/\/acmconcerts.com\/en\/wp-json\/wp\/v2\/posts"}],"about":[{"href":"https:\/\/acmconcerts.com\/en\/wp-json\/wp\/v2\/types\/post"}],"author":[{"embeddable":true,"href":"https:\/\/acmconcerts.com\/en\/wp-json\/wp\/v2\/users\/3"}],"replies":[{"embeddable":true,"href":"https:\/\/acmconcerts.com\/en\/wp-json\/wp\/v2\/comments?post=7051"}],"version-history":[{"count":0,"href":"https:\/\/acmconcerts.com\/en\/wp-json\/wp\/v2\/posts\/7051\/revisions"}],"wp:featuredmedia":[{"embeddable":true,"href":"https:\/\/acmconcerts.com\/en\/wp-json\/wp\/v2\/media\/7055"}],"wp:attachment":[{"href":"https:\/\/acmconcerts.com\/en\/wp-json\/wp\/v2\/media?parent=7051"}],"wp:term":[{"taxonomy":"category","embeddable":true,"href":"https:\/\/acmconcerts.com\/en\/wp-json\/wp\/v2\/categories?post=7051"},{"taxonomy":"post_tag","embeddable":true,"href":"https:\/\/acmconcerts.com\/en\/wp-json\/wp\/v2\/tags?post=7051"}],"curies":[{"name":"wp","href":"https:\/\/api.w.org\/{rel}","templated":true}]}}