{"id":5512,"date":"2017-12-26T16:50:35","date_gmt":"2017-12-26T14:50:35","guid":{"rendered":"http:\/\/acmconcerts.com\/?p=5512"},"modified":"2017-12-28T14:47:30","modified_gmt":"2017-12-28T12:47:30","slug":"pacho-flores-premiere-in-santiago-with-hernandez-silva","status":"publish","type":"post","link":"https:\/\/acmconcerts.com\/en\/pacho-flores-premiere-in-santiago-with-hernandez-silva\/","title":{"rendered":"Pacho Flores, premiere in Santiago with Hern\u00e1ndez-Silva"},"content":{"rendered":"<p style=\"text-align: justify;\">Trumpet player <a href=\"\/?page_id=954\">Pacho Flores<\/a> and conductor <a href=\"\/?page_id=209\">Manuel Hern\u00e1ndez-Silva<\/a> will premiere Pacho Flores&#8217; new composition, <em>Cantos y revueltas<\/em>, with the <a href=\"http:\/\/www.rfgalicia.org\/es\/conciertos\/pacho-flores-la-trompeta\">Real Filharmon\u00eda de Galicia<\/a> in Santiago, Vigo and Coru\u00f1a on next January the 11th, 12th and 13th, 2018. The piece, for solo trumpet, strings and &#8216;Venezuelan cuatro&#8217;, is based on folk tunes and work chants of the reach Venezuelan folklore. They will be supported by cuatro player <a href=\"http:\/\/leorondon.com\/\">Leo Rond\u00f3n<\/a>. Besides the premier, Pacho will also play Neruda&#8217;s <em>Concerto for corno da caccia<\/em>, and Villalobos&#8217; <em>Aria<\/em>, from the <em>Brazilian Bachiana n\u00ba 5.<\/em><\/p>\n<p><img decoding=\"async\" class=\"aligncenter wp-image-5521 size-medium\" src=\"http:\/\/acmconcerts.com\/wp-content\/uploads\/2017\/12\/composicion_pacho_flores_manuel_hernandez_silva-800x583.jpg\" alt=\"composici\u00f3n de fotos de pacho flores y manuel hern\u00e1ndez-silva\" width=\"800\" height=\"583\" \/><\/p>\n<p style=\"text-align: justify;\">In the second part of the program, Hern\u00e1ndez-Silva conducts Revueltas&#8217; <em>Redes<\/em> and Ginastera&#8217;s <em>Dances from the Ballet Estancia<\/em>. Manuel, Chief Conductor of the <a href=\"http:\/\/orquestafilarmonicademalaga.com\/conocenos\/titular\/\">Malaga Philharmonic Orchestra<\/a>, has been recently designated <a href=\"\/?p=5383\">new Chief Conductor of the Navarra Symphony Orchestra<\/a>. Hern\u00e1ndez-Silva, who have received outstanding ovations in his debut with the <a href=\"\/?p=5014\">Spanish National Orchestra<\/a>, will follow an intense guest conducting activity visiting the <a href=\"https:\/\/www.orquestadeextremadura.com\/calendario\/\">Orquesta de Extremadura<\/a> and the Puerto Rico Symphony Orchestra; and conducting Mozart&#8217;s <em>Cos\u00ed fan tutte<\/em> in the <a href=\"http:\/\/www.teatrocervantes.com\/es\/genero\/lirica\/ciclo\/153\/espectaculo\/2024\">Teatro Cervantes<\/a> in Malaga.<\/p>\n<p><iframe width=\"1080\" height=\"608\" src=\"https:\/\/www.youtube.com\/embed\/8KrbcTQBeUM?feature=oembed\" frameborder=\"0\" allow=\"accelerometer; autoplay; encrypted-media; gyroscope; picture-in-picture\" allowfullscreen><\/iframe><\/p>\n<p style=\"text-align: justify;\">After Santiago, Pacho will play again Efra\u00edn Oscher&#8217;s <em>Concierto Mestizo<\/em>\u00a0and Christian Lindberg&#8217;s <em>Akban Bunka<\/em>, with the <a href=\"https:\/\/bilbaorkestra.eus\/conciertos\/bos-9-2017\/\">Bilbao Symphony Orchestra<\/a> under the baton of Alondra de la Parra. Pacho premiered the <em>Concierto Mestizo<\/em>\u00a0in 2010 in Caracas with Domingo Garc\u00eda Hindoyan and the Sim\u00f3n Bol\u00edvar Orchestra, and since then he played it more than 25 times all along the world, as in the opening concert of the <a href=\"\/?p=4947\">Tenerife Symphony Orchestra<\/a> season on past October under <a href=\"\/?page_id=5095\">Perry So<\/a>. In February the 23rd, Pacho will play another world premiere, the new Trumpet Concerto by Giancarlo Castro, dedicated to him,\u00a0with Rafael Payare and the <a href=\"https:\/\/www.ulsterorchestra.org.uk\/event\/concerto-world-premiere-giancarlo-castros-trumpet-concerto\/\">Ulster Orchestra.<\/a><\/p>\n<p><img decoding=\"async\" class=\"aligncenter wp-image-5514 size-medium\" src=\"http:\/\/acmconcerts.com\/wp-content\/uploads\/2017\/12\/pacho_flores_composicion_portadas_premio-800x258.jpg\" alt=\"pacho flores composici\u00f3n portadas y premio\" width=\"800\" height=\"258\" srcset=\"https:\/\/acmconcerts.com\/wp-content\/uploads\/2017\/12\/pacho_flores_composicion_portadas_premio-800x258.jpg 800w, https:\/\/acmconcerts.com\/wp-content\/uploads\/2017\/12\/pacho_flores_composicion_portadas_premio-1080x348.jpg 1080w, https:\/\/acmconcerts.com\/wp-content\/uploads\/2017\/12\/pacho_flores_composicion_portadas_premio.jpg 1141w\" sizes=\"(max-width: 800px) 100vw, 800px\" \/><\/p>\n<p style=\"text-align: justify;\">Deeply committed with the expansion of solo trumpet repertoire, Pacho is developing an ambitious project of shared commissions for new trumpet concertos to outstanding composer such as Arturo M\u00e1rquez, Roberto Sierra, Paquito D&#8217;Rivera, Efra\u00edn Oscher and Christian Lindberg, to be premiered all around the world along the season 18\/19 and following. First of these commissions, Arturo M\u00e1rquez&#8217;s one, will be played eight times between October 2018 and August 2019 in Mexico, USA, Japan and Spain.<\/p>\n<p>&nbsp;<\/p>\n<p>&nbsp;<\/p>\n<p>&nbsp;<\/p>\n","protected":false},"excerpt":{"rendered":"<p>Trumpet player Pacho Flores and conductor Manuel Hern\u00e1ndez-Silva will premiere Pacho Flores&#8217; new composition, Cantos y revueltas, with the Real Filharmon\u00eda de Galicia in Santiago, Vigo and Coru\u00f1a on next January the 11th, 12th and 13th, 2018. The piece, for solo trumpet, strings and &#8216;Venezuelan cuatro&#8217;, is based on folk tunes and work chants of [&hellip;]<\/p>\n","protected":false},"author":3,"featured_media":5521,"comment_status":"closed","ping_status":"closed","sticky":false,"template":"","format":"standard","meta":{"_et_pb_use_builder":"","_et_pb_old_content":"","_et_gb_content_width":"","_monsterinsights_skip_tracking":false,"_monsterinsights_sitenote_active":false,"_monsterinsights_sitenote_note":"","_monsterinsights_sitenote_category":0,"_ayudawp_aiss_exclude":false,"footnotes":""},"categories":[4],"tags":[772,885,1710,1769,773,886,1711,1770,774,887,1712,1771,775,888,1713,1772,776,889,1714,1773,777,890,1715,1774,778,891,1717,2618,779,892,1718,780,893,1719,805,894,1720,879,895,1721,880,1011,1722,768,881,1706,1723,769,882,1707,1724,770,883,1708,1767,771,884,1709,1768],"class_list":["post-5512","post","type-post","status-publish","format-standard","has-post-thumbnail","hentry","category-news","tag-real-filharmonia-de-galicia-en","tag-efrain-oscher-en","tag-sir-simon-rattle-en","tag-edouard-lalo-en","tag-orquesta-de-la-radio-de-praga-en","tag-corno-da-caccia-en","tag-seiji-ozawa-en","tag-sinfonia-espanola-en","tag-joven-orquesta-nacional-de-espana-en","tag-christian-lidberg-en","tag-giusseppe-sinopoli-en","tag-fundacion-baremboim-said-en","tag-baluarte-en","tag-orquesta-sinfonica-de-dusseldorf-en","tag-rafael-frubeck-de-burgos-en","tag-academia-de-estudios-orquestales-en","tag-festival-de-cesky-krumlov-en","tag-orquesta-sinfonica-de-noorkoping-en","tag-gustavo-dudamel-en","tag-orquesta-nacional-de-espana-en","tag-orquesta-de-biel-solothurn-en","tag-orquesta-filarmonica-de-turku-en","tag-michal-nesterowicz-en","tag-auditorio-de-alicante-en","tag-orquesta-de-la-region-de-murcia-en","tag-orquestra-simfonica-de-les-illes-balears-en","tag-roberto-sierra-en","tag-arctic-philharmonic","tag-jove-orquestra-sinfonica-de-barcelona-en","tag-orquesta-sinfonica-de-puerto-rico-en","tag-arturo-marquez-en","tag-concurso-internacional-de-violin-pablo-sarasate-en","tag-brass-academy-alicante-en","tag-entropia-en","tag-manuel-hernandez-silva-en","tag-conservatorio-de-amsterdam-en","tag-carlos-gardel-en","tag-pacho-flores-en","tag-jesus-pinguino-gonzalez-en","tag-ernesto-lecuona-en","tag-stomvi-en","tag-paquito-drivera","tag-tom-jobim-en","tag-orquesta-sinfonica-de-castilla-y-leon-en","tag-christian-vasquez-en","tag-claudio-abbado-en","tag-astor-piazzolla-en","tag-orquesta-filarmonica-de-malaga-en","tag-trompeta-en","tag-hyogo-pac-orchestra-en","tag-global-music-awards-en","tag-orquesta-joven-de-andalucia-en","tag-deutsche-grammophon-en","tag-christian-lindberg-en","tag-svetlin-roussev-en","tag-orquesta-sinfonica-de-navarra-en","tag-pablo-mielgo-en","tag-universal-music-en","tag-orquesta-sinfonica-de-la-region-de-murcia-en"],"yoast_head":"<!-- This site is optimized with the Yoast SEO Premium plugin v27.2 (Yoast SEO v27.2) - https:\/\/yoast.com\/product\/yoast-seo-premium-wordpress\/ -->\n<title>Pacho Flores, premiere in Santiago with Hern\u00e1ndez-Silva - ACM Concerts<\/title>\n<meta name=\"description\" content=\"Pacho Flores and conductor Manuel Hern\u00e1ndez-Silva will premiere Pacho Flores&#039; new composition, &quot;Cantos y revueltas&quot;, with the Real Filharmon\u00eda de Galicia...\" \/>\n<meta name=\"robots\" content=\"index, follow, max-snippet:-1, max-image-preview:large, max-video-preview:-1\" \/>\n<link rel=\"canonical\" href=\"https:\/\/acmconcerts.com\/en\/pacho-flores-premiere-in-santiago-with-hernandez-silva\/\" \/>\n<meta property=\"og:locale\" content=\"en_US\" \/>\n<meta property=\"og:type\" content=\"article\" \/>\n<meta property=\"og:title\" content=\"Pacho Flores, premiere in Santiago with Hern\u00e1ndez-Silva\" \/>\n<meta property=\"og:description\" content=\"Trumpet player Pacho Flores and conductor Manuel Hern\u00e1ndez-Silva will premiere Pacho Flores&#039; new composition, Cantos y revueltas, with the Real\" \/>\n<meta property=\"og:url\" content=\"https:\/\/acmconcerts.com\/en\/pacho-flores-premiere-in-santiago-with-hernandez-silva\/\" \/>\n<meta property=\"og:site_name\" content=\"ACM Concerts\" \/>\n<meta property=\"article:publisher\" content=\"https:\/\/www.facebook.com\/ACM-Concerts-819784831388420\/\" \/>\n<meta property=\"article:published_time\" content=\"2017-12-26T14:50:35+00:00\" \/>\n<meta property=\"article:modified_time\" content=\"2017-12-28T12:47:30+00:00\" \/>\n<meta property=\"og:image\" content=\"https:\/\/acmconcerts.com\/wp-content\/uploads\/2017\/12\/composicion_pacho_flores_manuel_hernandez_silva.jpg\" \/>\n\t<meta property=\"og:image:width\" content=\"2356\" \/>\n\t<meta property=\"og:image:height\" content=\"1716\" \/>\n\t<meta property=\"og:image:type\" content=\"image\/jpeg\" \/>\n<meta name=\"author\" content=\"ACM Concerts\" \/>\n<meta name=\"twitter:card\" content=\"summary_large_image\" \/>\n<meta name=\"twitter:creator\" content=\"@acmconcerts\" \/>\n<meta name=\"twitter:site\" content=\"@acmconcerts\" \/>\n<script type=\"application\/ld+json\" class=\"yoast-schema-graph\">{\"@context\":\"https:\/\/schema.org\",\"@graph\":[{\"@type\":\"Article\",\"@id\":\"https:\/\/acmconcerts.com\/en\/pacho-flores-premiere-in-santiago-with-hernandez-silva\/#article\",\"isPartOf\":{\"@id\":\"https:\/\/acmconcerts.com\/en\/pacho-flores-premiere-in-santiago-with-hernandez-silva\/\"},\"author\":{\"name\":\"ACM Concerts\",\"@id\":\"https:\/\/acmconcerts.com\/#\/schema\/person\/bac796604145afa5b858f275aa6e205d\"},\"headline\":\"Pacho Flores, premiere in Santiago with Hern\u00e1ndez-Silva\",\"datePublished\":\"2017-12-26T14:50:35+00:00\",\"dateModified\":\"2017-12-28T12:47:30+00:00\",\"mainEntityOfPage\":{\"@id\":\"https:\/\/acmconcerts.com\/en\/pacho-flores-premiere-in-santiago-with-hernandez-silva\/\"},\"wordCount\":387,\"publisher\":{\"@id\":\"https:\/\/acmconcerts.com\/#organization\"},\"image\":{\"@id\":\"https:\/\/acmconcerts.com\/en\/pacho-flores-premiere-in-santiago-with-hernandez-silva\/#primaryimage\"},\"thumbnailUrl\":\"https:\/\/acmconcerts.com\/wp-content\/uploads\/2017\/12\/composicion_pacho_flores_manuel_hernandez_silva-e1676281337619.jpg\",\"keywords\":[\"Real Filharmon\u00eda de Galicia\",\"Efra\u00edn Oscher\",\"Sir Simon Rattle\",\"Edouard Lalo\",\"Orquesta de la Radio de Praga\",\"Corno da Caccia\",\"Seiji Ozawa\",\"Sinfon\u00eda Espa\u00f1ola\",\"Joven Orquesta Nacional de Espa\u00f1a\",\"Christian Lidberg\",\"Giusseppe Sinopoli\",\"Fundaci\u00f3n Baremboim-Said\",\"Baluarte\",\"Orquesta Sinf\u00f3nica de D\u00fcsseldorf\",\"Rafael Fr\u00fcbeck de Burgos\",\"Academia de Estudios Orquestales\",\"Festival de Cesky Krumlov\",\"Orquesta Sinf\u00f3nica de Noork\u00f6ping\",\"Gustavo Dudamel\",\"Orquesta Nacional de Espa\u00f1a\",\"Orquesta de Biel-Solothurn\",\"Orquesta Filarm\u00f3nica de Turku\",\"Michal Nesterowicz\",\"Auditorio de Alicante\",\"Orquesta de la Regi\u00f3n de Murcia\",\"Orquestra Simf\u00f3nica de les Illes Balears\",\"Roberto Sierra\",\"Arctic Philharmonic\",\"Jove Orquestra Sinf\u00f3nica de Barcelona\",\"Orquesta Sinf\u00f3nica de Puerto Rico\",\"Arturo M\u00e1rquez\",\"Concurso Internacional de Viol\u00edn Pablo Sarasate\",\"Brass Academy Alicante\",\"Entrop\u00eda\",\"Manuel Hernandez-Silva\",\"Conservatorio de \u00c1msterdam\",\"Carlos Gardel\",\"Pacho Flores\",\"Jes\u00fas Ping\u00fcino Gonz\u00e1lez\",\"Ernesto Lecuona\",\"Stomvi\",\"Paquito D'Rivera\",\"Tom Jobim\",\"Orquesta Sinf\u00f3nica de Castilla y Le\u00f3n\",\"Christian V\u00e1squez\",\"Claudio Abbado\",\"Astor Piazzolla\",\"Orquesta Filarm\u00f3nica de M\u00e1laga\",\"Trompeta\",\"Hyogo PAC Orchestra\",\"Global Music Awards\",\"Orquesta Joven de Andaluc\u00eda\",\"DEUTSCHE GRAMMOPHON\",\"Christian Lindberg\",\"Svetlin Roussev\",\"Orquesta Sinf\u00f3nica de Navarra\",\"Pablo MIelgo\",\"Universal Music\",\"Orquesta SInf\u00f3nica de la Regi\u00f3n de Murcia\"],\"articleSection\":[\"News\"],\"inLanguage\":\"en-US\"},{\"@type\":\"WebPage\",\"@id\":\"https:\/\/acmconcerts.com\/en\/pacho-flores-premiere-in-santiago-with-hernandez-silva\/\",\"url\":\"https:\/\/acmconcerts.com\/en\/pacho-flores-premiere-in-santiago-with-hernandez-silva\/\",\"name\":\"Pacho Flores, premiere in Santiago with Hern\u00e1ndez-Silva - ACM Concerts\",\"isPartOf\":{\"@id\":\"https:\/\/acmconcerts.com\/#website\"},\"primaryImageOfPage\":{\"@id\":\"https:\/\/acmconcerts.com\/en\/pacho-flores-premiere-in-santiago-with-hernandez-silva\/#primaryimage\"},\"image\":{\"@id\":\"https:\/\/acmconcerts.com\/en\/pacho-flores-premiere-in-santiago-with-hernandez-silva\/#primaryimage\"},\"thumbnailUrl\":\"https:\/\/acmconcerts.com\/wp-content\/uploads\/2017\/12\/composicion_pacho_flores_manuel_hernandez_silva-e1676281337619.jpg\",\"datePublished\":\"2017-12-26T14:50:35+00:00\",\"dateModified\":\"2017-12-28T12:47:30+00:00\",\"description\":\"Pacho Flores and conductor Manuel Hern\u00e1ndez-Silva will premiere Pacho Flores' new composition, \\\"Cantos y revueltas\\\", with the Real Filharmon\u00eda de Galicia...\",\"breadcrumb\":{\"@id\":\"https:\/\/acmconcerts.com\/en\/pacho-flores-premiere-in-santiago-with-hernandez-silva\/#breadcrumb\"},\"inLanguage\":\"en-US\",\"potentialAction\":[{\"@type\":\"ReadAction\",\"target\":[\"https:\/\/acmconcerts.com\/en\/pacho-flores-premiere-in-santiago-with-hernandez-silva\/\"]}]},{\"@type\":\"ImageObject\",\"inLanguage\":\"en-US\",\"@id\":\"https:\/\/acmconcerts.com\/en\/pacho-flores-premiere-in-santiago-with-hernandez-silva\/#primaryimage\",\"url\":\"https:\/\/acmconcerts.com\/wp-content\/uploads\/2017\/12\/composicion_pacho_flores_manuel_hernandez_silva-e1676281337619.jpg\",\"contentUrl\":\"https:\/\/acmconcerts.com\/wp-content\/uploads\/2017\/12\/composicion_pacho_flores_manuel_hernandez_silva-e1676281337619.jpg\",\"width\":1920,\"height\":1398,\"caption\":\"Pacho Flores and Hern\u00e1ndez-Silva premiere Gabriela Ortiz concerto with the OSG\"},{\"@type\":\"BreadcrumbList\",\"@id\":\"https:\/\/acmconcerts.com\/en\/pacho-flores-premiere-in-santiago-with-hernandez-silva\/#breadcrumb\",\"itemListElement\":[{\"@type\":\"ListItem\",\"position\":1,\"name\":\"Portada\",\"item\":\"https:\/\/acmconcerts.com\/en\/\"},{\"@type\":\"ListItem\",\"position\":2,\"name\":\"Pacho Flores, premiere in Santiago with Hern\u00e1ndez-Silva\"}]},{\"@type\":\"WebSite\",\"@id\":\"https:\/\/acmconcerts.com\/#website\",\"url\":\"https:\/\/acmconcerts.com\/\",\"name\":\"ACM Concerts\",\"description\":\"Agencia art\u00edstica\",\"publisher\":{\"@id\":\"https:\/\/acmconcerts.com\/#organization\"},\"potentialAction\":[{\"@type\":\"SearchAction\",\"target\":{\"@type\":\"EntryPoint\",\"urlTemplate\":\"https:\/\/acmconcerts.com\/?s={search_term_string}\"},\"query-input\":{\"@type\":\"PropertyValueSpecification\",\"valueRequired\":true,\"valueName\":\"search_term_string\"}}],\"inLanguage\":\"en-US\"},{\"@type\":\"Organization\",\"@id\":\"https:\/\/acmconcerts.com\/#organization\",\"name\":\"ACM Concerts\",\"url\":\"https:\/\/acmconcerts.com\/\",\"logo\":{\"@type\":\"ImageObject\",\"inLanguage\":\"en-US\",\"@id\":\"https:\/\/acmconcerts.com\/#\/schema\/logo\/image\/\",\"url\":\"https:\/\/acmconcerts.com\/wp-content\/uploads\/2015\/11\/logo-ACM-grande-e1447756158188.jpg\",\"contentUrl\":\"https:\/\/acmconcerts.com\/wp-content\/uploads\/2015\/11\/logo-ACM-grande-e1447756158188.jpg\",\"width\":600,\"height\":146,\"caption\":\"ACM Concerts\"},\"image\":{\"@id\":\"https:\/\/acmconcerts.com\/#\/schema\/logo\/image\/\"},\"sameAs\":[\"https:\/\/www.facebook.com\/ACM-Concerts-819784831388420\/\",\"https:\/\/x.com\/acmconcerts\",\"https:\/\/www.youtube.com\/user\/acmconcerts\"]},{\"@type\":\"Person\",\"@id\":\"https:\/\/acmconcerts.com\/#\/schema\/person\/bac796604145afa5b858f275aa6e205d\",\"name\":\"ACM Concerts\",\"url\":\"https:\/\/acmconcerts.com\/en\/author\/carlos-magan\/\"}]}<\/script>\n<!-- \/ Yoast SEO Premium plugin. -->","yoast_head_json":{"title":"Pacho Flores, premiere in Santiago with Hern\u00e1ndez-Silva - ACM Concerts","description":"Pacho Flores and conductor Manuel Hern\u00e1ndez-Silva will premiere Pacho Flores' new composition, \"Cantos y revueltas\", with the Real Filharmon\u00eda de Galicia...","robots":{"index":"index","follow":"follow","max-snippet":"max-snippet:-1","max-image-preview":"max-image-preview:large","max-video-preview":"max-video-preview:-1"},"canonical":"https:\/\/acmconcerts.com\/en\/pacho-flores-premiere-in-santiago-with-hernandez-silva\/","og_locale":"en_US","og_type":"article","og_title":"Pacho Flores, premiere in Santiago with Hern\u00e1ndez-Silva","og_description":"Trumpet player Pacho Flores and conductor Manuel Hern\u00e1ndez-Silva will premiere Pacho Flores' new composition, Cantos y revueltas, with the Real","og_url":"https:\/\/acmconcerts.com\/en\/pacho-flores-premiere-in-santiago-with-hernandez-silva\/","og_site_name":"ACM Concerts","article_publisher":"https:\/\/www.facebook.com\/ACM-Concerts-819784831388420\/","article_published_time":"2017-12-26T14:50:35+00:00","article_modified_time":"2017-12-28T12:47:30+00:00","og_image":[{"width":2356,"height":1716,"url":"https:\/\/acmconcerts.com\/wp-content\/uploads\/2017\/12\/composicion_pacho_flores_manuel_hernandez_silva.jpg","type":"image\/jpeg"}],"author":"ACM Concerts","twitter_card":"summary_large_image","twitter_creator":"@acmconcerts","twitter_site":"@acmconcerts","schema":{"@context":"https:\/\/schema.org","@graph":[{"@type":"Article","@id":"https:\/\/acmconcerts.com\/en\/pacho-flores-premiere-in-santiago-with-hernandez-silva\/#article","isPartOf":{"@id":"https:\/\/acmconcerts.com\/en\/pacho-flores-premiere-in-santiago-with-hernandez-silva\/"},"author":{"name":"ACM Concerts","@id":"https:\/\/acmconcerts.com\/#\/schema\/person\/bac796604145afa5b858f275aa6e205d"},"headline":"Pacho Flores, premiere in Santiago with Hern\u00e1ndez-Silva","datePublished":"2017-12-26T14:50:35+00:00","dateModified":"2017-12-28T12:47:30+00:00","mainEntityOfPage":{"@id":"https:\/\/acmconcerts.com\/en\/pacho-flores-premiere-in-santiago-with-hernandez-silva\/"},"wordCount":387,"publisher":{"@id":"https:\/\/acmconcerts.com\/#organization"},"image":{"@id":"https:\/\/acmconcerts.com\/en\/pacho-flores-premiere-in-santiago-with-hernandez-silva\/#primaryimage"},"thumbnailUrl":"https:\/\/acmconcerts.com\/wp-content\/uploads\/2017\/12\/composicion_pacho_flores_manuel_hernandez_silva-e1676281337619.jpg","keywords":["Real Filharmon\u00eda de Galicia","Efra\u00edn Oscher","Sir Simon Rattle","Edouard Lalo","Orquesta de la Radio de Praga","Corno da Caccia","Seiji Ozawa","Sinfon\u00eda Espa\u00f1ola","Joven Orquesta Nacional de Espa\u00f1a","Christian Lidberg","Giusseppe Sinopoli","Fundaci\u00f3n Baremboim-Said","Baluarte","Orquesta Sinf\u00f3nica de D\u00fcsseldorf","Rafael Fr\u00fcbeck de Burgos","Academia de Estudios Orquestales","Festival de Cesky Krumlov","Orquesta Sinf\u00f3nica de Noork\u00f6ping","Gustavo Dudamel","Orquesta Nacional de Espa\u00f1a","Orquesta de Biel-Solothurn","Orquesta Filarm\u00f3nica de Turku","Michal Nesterowicz","Auditorio de Alicante","Orquesta de la Regi\u00f3n de Murcia","Orquestra Simf\u00f3nica de les Illes Balears","Roberto Sierra","Arctic Philharmonic","Jove Orquestra Sinf\u00f3nica de Barcelona","Orquesta Sinf\u00f3nica de Puerto Rico","Arturo M\u00e1rquez","Concurso Internacional de Viol\u00edn Pablo Sarasate","Brass Academy Alicante","Entrop\u00eda","Manuel Hernandez-Silva","Conservatorio de \u00c1msterdam","Carlos Gardel","Pacho Flores","Jes\u00fas Ping\u00fcino Gonz\u00e1lez","Ernesto Lecuona","Stomvi","Paquito D'Rivera","Tom Jobim","Orquesta Sinf\u00f3nica de Castilla y Le\u00f3n","Christian V\u00e1squez","Claudio Abbado","Astor Piazzolla","Orquesta Filarm\u00f3nica de M\u00e1laga","Trompeta","Hyogo PAC Orchestra","Global Music Awards","Orquesta Joven de Andaluc\u00eda","DEUTSCHE GRAMMOPHON","Christian Lindberg","Svetlin Roussev","Orquesta Sinf\u00f3nica de Navarra","Pablo MIelgo","Universal Music","Orquesta SInf\u00f3nica de la Regi\u00f3n de Murcia"],"articleSection":["News"],"inLanguage":"en-US"},{"@type":"WebPage","@id":"https:\/\/acmconcerts.com\/en\/pacho-flores-premiere-in-santiago-with-hernandez-silva\/","url":"https:\/\/acmconcerts.com\/en\/pacho-flores-premiere-in-santiago-with-hernandez-silva\/","name":"Pacho Flores, premiere in Santiago with Hern\u00e1ndez-Silva - ACM Concerts","isPartOf":{"@id":"https:\/\/acmconcerts.com\/#website"},"primaryImageOfPage":{"@id":"https:\/\/acmconcerts.com\/en\/pacho-flores-premiere-in-santiago-with-hernandez-silva\/#primaryimage"},"image":{"@id":"https:\/\/acmconcerts.com\/en\/pacho-flores-premiere-in-santiago-with-hernandez-silva\/#primaryimage"},"thumbnailUrl":"https:\/\/acmconcerts.com\/wp-content\/uploads\/2017\/12\/composicion_pacho_flores_manuel_hernandez_silva-e1676281337619.jpg","datePublished":"2017-12-26T14:50:35+00:00","dateModified":"2017-12-28T12:47:30+00:00","description":"Pacho Flores and conductor Manuel Hern\u00e1ndez-Silva will premiere Pacho Flores' new composition, \"Cantos y revueltas\", with the Real Filharmon\u00eda de Galicia...","breadcrumb":{"@id":"https:\/\/acmconcerts.com\/en\/pacho-flores-premiere-in-santiago-with-hernandez-silva\/#breadcrumb"},"inLanguage":"en-US","potentialAction":[{"@type":"ReadAction","target":["https:\/\/acmconcerts.com\/en\/pacho-flores-premiere-in-santiago-with-hernandez-silva\/"]}]},{"@type":"ImageObject","inLanguage":"en-US","@id":"https:\/\/acmconcerts.com\/en\/pacho-flores-premiere-in-santiago-with-hernandez-silva\/#primaryimage","url":"https:\/\/acmconcerts.com\/wp-content\/uploads\/2017\/12\/composicion_pacho_flores_manuel_hernandez_silva-e1676281337619.jpg","contentUrl":"https:\/\/acmconcerts.com\/wp-content\/uploads\/2017\/12\/composicion_pacho_flores_manuel_hernandez_silva-e1676281337619.jpg","width":1920,"height":1398,"caption":"Pacho Flores and Hern\u00e1ndez-Silva premiere Gabriela Ortiz concerto with the OSG"},{"@type":"BreadcrumbList","@id":"https:\/\/acmconcerts.com\/en\/pacho-flores-premiere-in-santiago-with-hernandez-silva\/#breadcrumb","itemListElement":[{"@type":"ListItem","position":1,"name":"Portada","item":"https:\/\/acmconcerts.com\/en\/"},{"@type":"ListItem","position":2,"name":"Pacho Flores, premiere in Santiago with Hern\u00e1ndez-Silva"}]},{"@type":"WebSite","@id":"https:\/\/acmconcerts.com\/#website","url":"https:\/\/acmconcerts.com\/","name":"ACM Concerts","description":"Agencia art\u00edstica","publisher":{"@id":"https:\/\/acmconcerts.com\/#organization"},"potentialAction":[{"@type":"SearchAction","target":{"@type":"EntryPoint","urlTemplate":"https:\/\/acmconcerts.com\/?s={search_term_string}"},"query-input":{"@type":"PropertyValueSpecification","valueRequired":true,"valueName":"search_term_string"}}],"inLanguage":"en-US"},{"@type":"Organization","@id":"https:\/\/acmconcerts.com\/#organization","name":"ACM Concerts","url":"https:\/\/acmconcerts.com\/","logo":{"@type":"ImageObject","inLanguage":"en-US","@id":"https:\/\/acmconcerts.com\/#\/schema\/logo\/image\/","url":"https:\/\/acmconcerts.com\/wp-content\/uploads\/2015\/11\/logo-ACM-grande-e1447756158188.jpg","contentUrl":"https:\/\/acmconcerts.com\/wp-content\/uploads\/2015\/11\/logo-ACM-grande-e1447756158188.jpg","width":600,"height":146,"caption":"ACM Concerts"},"image":{"@id":"https:\/\/acmconcerts.com\/#\/schema\/logo\/image\/"},"sameAs":["https:\/\/www.facebook.com\/ACM-Concerts-819784831388420\/","https:\/\/x.com\/acmconcerts","https:\/\/www.youtube.com\/user\/acmconcerts"]},{"@type":"Person","@id":"https:\/\/acmconcerts.com\/#\/schema\/person\/bac796604145afa5b858f275aa6e205d","name":"ACM Concerts","url":"https:\/\/acmconcerts.com\/en\/author\/carlos-magan\/"}]}},"_links":{"self":[{"href":"https:\/\/acmconcerts.com\/en\/wp-json\/wp\/v2\/posts\/5512","targetHints":{"allow":["GET"]}}],"collection":[{"href":"https:\/\/acmconcerts.com\/en\/wp-json\/wp\/v2\/posts"}],"about":[{"href":"https:\/\/acmconcerts.com\/en\/wp-json\/wp\/v2\/types\/post"}],"author":[{"embeddable":true,"href":"https:\/\/acmconcerts.com\/en\/wp-json\/wp\/v2\/users\/3"}],"replies":[{"embeddable":true,"href":"https:\/\/acmconcerts.com\/en\/wp-json\/wp\/v2\/comments?post=5512"}],"version-history":[{"count":0,"href":"https:\/\/acmconcerts.com\/en\/wp-json\/wp\/v2\/posts\/5512\/revisions"}],"wp:featuredmedia":[{"embeddable":true,"href":"https:\/\/acmconcerts.com\/en\/wp-json\/wp\/v2\/media\/5521"}],"wp:attachment":[{"href":"https:\/\/acmconcerts.com\/en\/wp-json\/wp\/v2\/media?parent=5512"}],"wp:term":[{"taxonomy":"category","embeddable":true,"href":"https:\/\/acmconcerts.com\/en\/wp-json\/wp\/v2\/categories?post=5512"},{"taxonomy":"post_tag","embeddable":true,"href":"https:\/\/acmconcerts.com\/en\/wp-json\/wp\/v2\/tags?post=5512"}],"curies":[{"name":"wp","href":"https:\/\/api.w.org\/{rel}","templated":true}]}}