{"id":12206,"date":"2023-07-12T18:38:49","date_gmt":"2023-07-12T16:38:49","guid":{"rendered":"https:\/\/acmconcerts.com\/?p=12206"},"modified":"2023-07-12T19:23:31","modified_gmt":"2023-07-12T17:23:31","slug":"pacho-flores-with-dudamel-and-the-la-phil-at-the-hollywood-bowl","status":"publish","type":"post","link":"https:\/\/acmconcerts.com\/en\/pacho-flores-with-dudamel-and-the-la-phil-at-the-hollywood-bowl\/","title":{"rendered":"Pacho Flores with Dudamel and the LA Phil at the Hollywood Bowl"},"content":{"rendered":"<p style=\"text-align: justify;\">Pacho Flores makes his debut with the Los Angeles Philharmonic Orchestra and Gustavo Dudamel on July 18 at the <a href=\"https:\/\/www.hollywoodbowl.com\/musicdb\/artists\/8739\/pacho-flores\" target=\"_blank\" rel=\"noopener\">Hollywood Bowl<\/a>, where he will perform Arturo M\u00e1rquez&#8217;s <em>Concierto de Oto\u00f1o<\/em>. The M\u00e1rquez&#8217;s Concerto is part of a program that includes the premiere of <em>La Serpiente de Colores<\/em>, by Cort\u00e9s-\u00c1lvarez, commissioned by the orchestra, and <em>Estancia<\/em>, de Ginastera in its complete ballet version. Pacho, who has just closed his residency with the <a href=\"https:\/\/acmconcerts.com\/pacho-flores-termina-su-residencia-con-la-royal-liverpool-philharmonic\/\" target=\"_blank\" rel=\"noopener\">Royal Liverpool Philharmonic<\/a>, with which he offered the British premiere of <em>Altar de Bronce<\/em> by Gabriela Ortiz, thus puts the finishing touch to a season that has taken him to Mexico, Singapore, Cyprus, Germany, Venezuela, Great Britain, Serbia, Norway, Spain, Colombia, and twice to Canada \u2014Quebec and Montreal\u2014, as well as several times to the US, including his debut with the San Francisco Symphony, his returns to Tucson and San Diego, where he is a frequent guest, and new visits to Dartmouth College or the Walla Walla Symphony Orchestra.\u00a0<\/p>\n<p><iframe title=\"Pacho Flores toca &#039;Altar de Bronce&#039; de Gabriela Ortiz con Hern\u00e1ndez-Silva y la Sinf\u00f3nica de Galicia\" width=\"1080\" height=\"608\" src=\"https:\/\/www.youtube.com\/embed\/YZsF27YxZwI?feature=oembed\"  allow=\"accelerometer; autoplay; clipboard-write; encrypted-media; gyroscope; picture-in-picture; web-share\" allowfullscreen><\/iframe><\/p>\n<p style=\"text-align: justify;\">This season, he has also closed the premiere cycle of <em>Historias de Flores y Tangos<\/em> by Daniel Freiberg and began the one for <em>Altar de Bronce<\/em> by Gabriela Ortiz with the Galicia Symphony conducted by Hern\u00e1ndez-Silva. Pacho has also released his latest recording, <em>ESTIRPE,<\/em> with Deutsche Grammophon. Dudamel closes a list of conductors with whom Pacho has worked this season and which includes Manuel Hern\u00e1ndez-Silva, Jos\u00e9 Luis G\u00f3mez, Christian V\u00e1squez, Domingo Hindoyan, Rafael Payare, Carlos Miguel Prieto, Felix Mildenberger, Anu Tali and Alondra de la Parra.<\/p>\n<p><img decoding=\"async\" class=\"alignnone size-medium wp-image-7142\" src=\"https:\/\/acmconcerts.com\/wp-content\/uploads\/2019\/02\/Pacho-perfil-recortada-800x643.jpg\" alt=\"Pacho Flores continues his residency with the Royal Liverpool Philharmonic\" width=\"800\" height=\"643\" \/><\/p>\n<p style=\"text-align: justify;\">Next season, which will again begin in Mexico, will see Pacho&#8217;s debut with new US orchestras such as the Minnesota Symphony Orchestra, the North Carolina Symphony or the New World Symphony, as well as his return to San Diego to close the cycle of premieres of Gabriela Ortiz and to Ohio for the premiere of Christian Lindberg&#8217;s <em>Magical Horses<\/em>. He will also appear at the Casals Festival in Puerto Rico and the Bravo Veil! Festival in Colorado, and will perform in Sweden, Germany, Poland, Finland and again Singapore and Norway, as well as in many Spanish orchestras such as the Orquesta Ciudad de Granada and the Orquesta Simf\u00f3nica del Vall\u00e8s, with which he will make his debut, the Filarm\u00f3nica de Gran Canaria, the Orquesta Sinf\u00f3nica de la Region of Murcia or the Orquesta de C\u00f3rdoba.The 23\/24 season will also see the premiere of Pacho&#8217;s clarinet concerto, written for Juan Ferrer and commissioned by the Orquesta Sinf\u00f3nica de Galicia, the Orquesta de Extremadura and the Orquesta Sinf\u00f3nica de la Region of Murcia.<\/p>\n<hr \/>\n<p style=\"text-align: justify;\">\u00a0<\/p>\n<p>&nbsp;<\/p>\n<p>&nbsp;<\/p>\n","protected":false},"excerpt":{"rendered":"<p>Pacho Flores makes his debut with the Los Angeles Philharmonic Orchestra and Gustavo Dudamel on July 18 at the Hollywood Bowl, where he will perform Arturo M\u00e1rquez&#8217;s Concierto de Oto\u00f1o. The M\u00e1rquez&#8217;s Concerto is part of a program that includes the premiere of La Serpiente de Colores, by Cort\u00e9s-\u00c1lvarez, commissioned by the orchestra, and Estancia, [&hellip;]<\/p>\n","protected":false},"author":4,"featured_media":12183,"comment_status":"closed","ping_status":"closed","sticky":false,"template":"","format":"standard","meta":{"_et_pb_use_builder":"","_et_pb_old_content":"","_et_gb_content_width":"","_monsterinsights_skip_tracking":false,"_monsterinsights_sitenote_active":false,"_monsterinsights_sitenote_note":"","_monsterinsights_sitenote_category":0,"_ayudawp_aiss_exclude":false,"footnotes":""},"categories":[4],"tags":[],"class_list":["post-12206","post","type-post","status-publish","format-standard","has-post-thumbnail","hentry","category-news"],"yoast_head":"<!-- This site is optimized with the Yoast SEO Premium plugin v27.2 (Yoast SEO v27.2) - https:\/\/yoast.com\/product\/yoast-seo-premium-wordpress\/ -->\n<title>Pacho Flores with Dudamel and the LA Phil at the Hollywood Bowl - ACM Concerts<\/title>\n<meta name=\"description\" content=\"Pacho Flores makes his debut with the Los Angeles Philharmonic Orchestra and Gustavo Dudamel on July 18 at the Hollywood Bowl\" \/>\n<meta name=\"robots\" content=\"index, follow, max-snippet:-1, max-image-preview:large, max-video-preview:-1\" \/>\n<link rel=\"canonical\" href=\"https:\/\/acmconcerts.com\/en\/pacho-flores-with-dudamel-and-the-la-phil-at-the-hollywood-bowl\/\" \/>\n<meta property=\"og:locale\" content=\"en_US\" \/>\n<meta property=\"og:type\" content=\"article\" \/>\n<meta property=\"og:title\" content=\"Pacho Flores with Dudamel and the LA Phil at the Hollywood Bowl\" \/>\n<meta property=\"og:description\" content=\"Pacho Flores makes his debut with the Los Angeles Philharmonic Orchestra and Gustavo Dudamel on July 18 at the Hollywood Bowl, where he will perform\" \/>\n<meta property=\"og:url\" content=\"https:\/\/acmconcerts.com\/en\/pacho-flores-with-dudamel-and-the-la-phil-at-the-hollywood-bowl\/\" \/>\n<meta property=\"og:site_name\" content=\"ACM Concerts\" \/>\n<meta property=\"article:publisher\" content=\"https:\/\/www.facebook.com\/ACM-Concerts-819784831388420\/\" \/>\n<meta property=\"article:published_time\" content=\"2023-07-12T16:38:49+00:00\" \/>\n<meta property=\"article:modified_time\" content=\"2023-07-12T17:23:31+00:00\" \/>\n<meta property=\"og:image\" content=\"https:\/\/acmconcerts.com\/wp-content\/uploads\/2023\/07\/composicion_pacho_flores_gustavo_dudamel.jpg\" \/>\n\t<meta property=\"og:image:width\" content=\"2280\" \/>\n\t<meta property=\"og:image:height\" content=\"1736\" \/>\n\t<meta property=\"og:image:type\" content=\"image\/jpeg\" \/>\n<meta name=\"author\" content=\"ACM Concerts\" \/>\n<meta name=\"twitter:card\" content=\"summary_large_image\" \/>\n<meta name=\"twitter:creator\" content=\"@acmconcerts\" \/>\n<meta name=\"twitter:site\" content=\"@acmconcerts\" \/>\n<script type=\"application\/ld+json\" class=\"yoast-schema-graph\">{\"@context\":\"https:\/\/schema.org\",\"@graph\":[{\"@type\":\"Article\",\"@id\":\"https:\/\/acmconcerts.com\/en\/pacho-flores-with-dudamel-and-the-la-phil-at-the-hollywood-bowl\/#article\",\"isPartOf\":{\"@id\":\"https:\/\/acmconcerts.com\/en\/pacho-flores-with-dudamel-and-the-la-phil-at-the-hollywood-bowl\/\"},\"author\":{\"name\":\"ACM Concerts\",\"@id\":\"https:\/\/acmconcerts.com\/#\/schema\/person\/a6c7f1eb61acf6e35296adfaefa8705c\"},\"headline\":\"Pacho Flores with Dudamel and the LA Phil at the Hollywood Bowl\",\"datePublished\":\"2023-07-12T16:38:49+00:00\",\"dateModified\":\"2023-07-12T17:23:31+00:00\",\"mainEntityOfPage\":{\"@id\":\"https:\/\/acmconcerts.com\/en\/pacho-flores-with-dudamel-and-the-la-phil-at-the-hollywood-bowl\/\"},\"wordCount\":456,\"publisher\":{\"@id\":\"https:\/\/acmconcerts.com\/#organization\"},\"image\":{\"@id\":\"https:\/\/acmconcerts.com\/en\/pacho-flores-with-dudamel-and-the-la-phil-at-the-hollywood-bowl\/#primaryimage\"},\"thumbnailUrl\":\"https:\/\/acmconcerts.com\/wp-content\/uploads\/2023\/07\/composicion_pacho_flores_gustavo_dudamel.jpg\",\"articleSection\":[\"News\"],\"inLanguage\":\"en-US\"},{\"@type\":\"WebPage\",\"@id\":\"https:\/\/acmconcerts.com\/en\/pacho-flores-with-dudamel-and-the-la-phil-at-the-hollywood-bowl\/\",\"url\":\"https:\/\/acmconcerts.com\/en\/pacho-flores-with-dudamel-and-the-la-phil-at-the-hollywood-bowl\/\",\"name\":\"Pacho Flores with Dudamel and the LA Phil at the Hollywood Bowl - ACM Concerts\",\"isPartOf\":{\"@id\":\"https:\/\/acmconcerts.com\/#website\"},\"primaryImageOfPage\":{\"@id\":\"https:\/\/acmconcerts.com\/en\/pacho-flores-with-dudamel-and-the-la-phil-at-the-hollywood-bowl\/#primaryimage\"},\"image\":{\"@id\":\"https:\/\/acmconcerts.com\/en\/pacho-flores-with-dudamel-and-the-la-phil-at-the-hollywood-bowl\/#primaryimage\"},\"thumbnailUrl\":\"https:\/\/acmconcerts.com\/wp-content\/uploads\/2023\/07\/composicion_pacho_flores_gustavo_dudamel.jpg\",\"datePublished\":\"2023-07-12T16:38:49+00:00\",\"dateModified\":\"2023-07-12T17:23:31+00:00\",\"description\":\"Pacho Flores makes his debut with the Los Angeles Philharmonic Orchestra and Gustavo Dudamel on July 18 at the Hollywood Bowl\",\"breadcrumb\":{\"@id\":\"https:\/\/acmconcerts.com\/en\/pacho-flores-with-dudamel-and-the-la-phil-at-the-hollywood-bowl\/#breadcrumb\"},\"inLanguage\":\"en-US\",\"potentialAction\":[{\"@type\":\"ReadAction\",\"target\":[\"https:\/\/acmconcerts.com\/en\/pacho-flores-with-dudamel-and-the-la-phil-at-the-hollywood-bowl\/\"]}]},{\"@type\":\"ImageObject\",\"inLanguage\":\"en-US\",\"@id\":\"https:\/\/acmconcerts.com\/en\/pacho-flores-with-dudamel-and-the-la-phil-at-the-hollywood-bowl\/#primaryimage\",\"url\":\"https:\/\/acmconcerts.com\/wp-content\/uploads\/2023\/07\/composicion_pacho_flores_gustavo_dudamel.jpg\",\"contentUrl\":\"https:\/\/acmconcerts.com\/wp-content\/uploads\/2023\/07\/composicion_pacho_flores_gustavo_dudamel.jpg\",\"width\":2280,\"height\":1736,\"caption\":\"Pacho Flores con Dudamel y LA Phil en el Hollywood Bowl\"},{\"@type\":\"BreadcrumbList\",\"@id\":\"https:\/\/acmconcerts.com\/en\/pacho-flores-with-dudamel-and-the-la-phil-at-the-hollywood-bowl\/#breadcrumb\",\"itemListElement\":[{\"@type\":\"ListItem\",\"position\":1,\"name\":\"Portada\",\"item\":\"https:\/\/acmconcerts.com\/en\/\"},{\"@type\":\"ListItem\",\"position\":2,\"name\":\"Pacho Flores with Dudamel and the LA Phil at the Hollywood Bowl\"}]},{\"@type\":\"WebSite\",\"@id\":\"https:\/\/acmconcerts.com\/#website\",\"url\":\"https:\/\/acmconcerts.com\/\",\"name\":\"ACM Concerts\",\"description\":\"Agencia art\u00edstica\",\"publisher\":{\"@id\":\"https:\/\/acmconcerts.com\/#organization\"},\"potentialAction\":[{\"@type\":\"SearchAction\",\"target\":{\"@type\":\"EntryPoint\",\"urlTemplate\":\"https:\/\/acmconcerts.com\/?s={search_term_string}\"},\"query-input\":{\"@type\":\"PropertyValueSpecification\",\"valueRequired\":true,\"valueName\":\"search_term_string\"}}],\"inLanguage\":\"en-US\"},{\"@type\":\"Organization\",\"@id\":\"https:\/\/acmconcerts.com\/#organization\",\"name\":\"ACM Concerts\",\"url\":\"https:\/\/acmconcerts.com\/\",\"logo\":{\"@type\":\"ImageObject\",\"inLanguage\":\"en-US\",\"@id\":\"https:\/\/acmconcerts.com\/#\/schema\/logo\/image\/\",\"url\":\"https:\/\/acmconcerts.com\/wp-content\/uploads\/2015\/11\/logo-ACM-grande-e1447756158188.jpg\",\"contentUrl\":\"https:\/\/acmconcerts.com\/wp-content\/uploads\/2015\/11\/logo-ACM-grande-e1447756158188.jpg\",\"width\":600,\"height\":146,\"caption\":\"ACM Concerts\"},\"image\":{\"@id\":\"https:\/\/acmconcerts.com\/#\/schema\/logo\/image\/\"},\"sameAs\":[\"https:\/\/www.facebook.com\/ACM-Concerts-819784831388420\/\",\"https:\/\/x.com\/acmconcerts\",\"https:\/\/www.youtube.com\/user\/acmconcerts\"]},{\"@type\":\"Person\",\"@id\":\"https:\/\/acmconcerts.com\/#\/schema\/person\/a6c7f1eb61acf6e35296adfaefa8705c\",\"name\":\"ACM Concerts\",\"url\":\"https:\/\/acmconcerts.com\/en\/author\/marta\/\"}]}<\/script>\n<!-- \/ Yoast SEO Premium plugin. -->","yoast_head_json":{"title":"Pacho Flores with Dudamel and the LA Phil at the Hollywood Bowl - ACM Concerts","description":"Pacho Flores makes his debut with the Los Angeles Philharmonic Orchestra and Gustavo Dudamel on July 18 at the Hollywood Bowl","robots":{"index":"index","follow":"follow","max-snippet":"max-snippet:-1","max-image-preview":"max-image-preview:large","max-video-preview":"max-video-preview:-1"},"canonical":"https:\/\/acmconcerts.com\/en\/pacho-flores-with-dudamel-and-the-la-phil-at-the-hollywood-bowl\/","og_locale":"en_US","og_type":"article","og_title":"Pacho Flores with Dudamel and the LA Phil at the Hollywood Bowl","og_description":"Pacho Flores makes his debut with the Los Angeles Philharmonic Orchestra and Gustavo Dudamel on July 18 at the Hollywood Bowl, where he will perform","og_url":"https:\/\/acmconcerts.com\/en\/pacho-flores-with-dudamel-and-the-la-phil-at-the-hollywood-bowl\/","og_site_name":"ACM Concerts","article_publisher":"https:\/\/www.facebook.com\/ACM-Concerts-819784831388420\/","article_published_time":"2023-07-12T16:38:49+00:00","article_modified_time":"2023-07-12T17:23:31+00:00","og_image":[{"width":2280,"height":1736,"url":"https:\/\/acmconcerts.com\/wp-content\/uploads\/2023\/07\/composicion_pacho_flores_gustavo_dudamel.jpg","type":"image\/jpeg"}],"author":"ACM Concerts","twitter_card":"summary_large_image","twitter_creator":"@acmconcerts","twitter_site":"@acmconcerts","schema":{"@context":"https:\/\/schema.org","@graph":[{"@type":"Article","@id":"https:\/\/acmconcerts.com\/en\/pacho-flores-with-dudamel-and-the-la-phil-at-the-hollywood-bowl\/#article","isPartOf":{"@id":"https:\/\/acmconcerts.com\/en\/pacho-flores-with-dudamel-and-the-la-phil-at-the-hollywood-bowl\/"},"author":{"name":"ACM Concerts","@id":"https:\/\/acmconcerts.com\/#\/schema\/person\/a6c7f1eb61acf6e35296adfaefa8705c"},"headline":"Pacho Flores with Dudamel and the LA Phil at the Hollywood Bowl","datePublished":"2023-07-12T16:38:49+00:00","dateModified":"2023-07-12T17:23:31+00:00","mainEntityOfPage":{"@id":"https:\/\/acmconcerts.com\/en\/pacho-flores-with-dudamel-and-the-la-phil-at-the-hollywood-bowl\/"},"wordCount":456,"publisher":{"@id":"https:\/\/acmconcerts.com\/#organization"},"image":{"@id":"https:\/\/acmconcerts.com\/en\/pacho-flores-with-dudamel-and-the-la-phil-at-the-hollywood-bowl\/#primaryimage"},"thumbnailUrl":"https:\/\/acmconcerts.com\/wp-content\/uploads\/2023\/07\/composicion_pacho_flores_gustavo_dudamel.jpg","articleSection":["News"],"inLanguage":"en-US"},{"@type":"WebPage","@id":"https:\/\/acmconcerts.com\/en\/pacho-flores-with-dudamel-and-the-la-phil-at-the-hollywood-bowl\/","url":"https:\/\/acmconcerts.com\/en\/pacho-flores-with-dudamel-and-the-la-phil-at-the-hollywood-bowl\/","name":"Pacho Flores with Dudamel and the LA Phil at the Hollywood Bowl - ACM Concerts","isPartOf":{"@id":"https:\/\/acmconcerts.com\/#website"},"primaryImageOfPage":{"@id":"https:\/\/acmconcerts.com\/en\/pacho-flores-with-dudamel-and-the-la-phil-at-the-hollywood-bowl\/#primaryimage"},"image":{"@id":"https:\/\/acmconcerts.com\/en\/pacho-flores-with-dudamel-and-the-la-phil-at-the-hollywood-bowl\/#primaryimage"},"thumbnailUrl":"https:\/\/acmconcerts.com\/wp-content\/uploads\/2023\/07\/composicion_pacho_flores_gustavo_dudamel.jpg","datePublished":"2023-07-12T16:38:49+00:00","dateModified":"2023-07-12T17:23:31+00:00","description":"Pacho Flores makes his debut with the Los Angeles Philharmonic Orchestra and Gustavo Dudamel on July 18 at the Hollywood Bowl","breadcrumb":{"@id":"https:\/\/acmconcerts.com\/en\/pacho-flores-with-dudamel-and-the-la-phil-at-the-hollywood-bowl\/#breadcrumb"},"inLanguage":"en-US","potentialAction":[{"@type":"ReadAction","target":["https:\/\/acmconcerts.com\/en\/pacho-flores-with-dudamel-and-the-la-phil-at-the-hollywood-bowl\/"]}]},{"@type":"ImageObject","inLanguage":"en-US","@id":"https:\/\/acmconcerts.com\/en\/pacho-flores-with-dudamel-and-the-la-phil-at-the-hollywood-bowl\/#primaryimage","url":"https:\/\/acmconcerts.com\/wp-content\/uploads\/2023\/07\/composicion_pacho_flores_gustavo_dudamel.jpg","contentUrl":"https:\/\/acmconcerts.com\/wp-content\/uploads\/2023\/07\/composicion_pacho_flores_gustavo_dudamel.jpg","width":2280,"height":1736,"caption":"Pacho Flores con Dudamel y LA Phil en el Hollywood Bowl"},{"@type":"BreadcrumbList","@id":"https:\/\/acmconcerts.com\/en\/pacho-flores-with-dudamel-and-the-la-phil-at-the-hollywood-bowl\/#breadcrumb","itemListElement":[{"@type":"ListItem","position":1,"name":"Portada","item":"https:\/\/acmconcerts.com\/en\/"},{"@type":"ListItem","position":2,"name":"Pacho Flores with Dudamel and the LA Phil at the Hollywood Bowl"}]},{"@type":"WebSite","@id":"https:\/\/acmconcerts.com\/#website","url":"https:\/\/acmconcerts.com\/","name":"ACM Concerts","description":"Agencia art\u00edstica","publisher":{"@id":"https:\/\/acmconcerts.com\/#organization"},"potentialAction":[{"@type":"SearchAction","target":{"@type":"EntryPoint","urlTemplate":"https:\/\/acmconcerts.com\/?s={search_term_string}"},"query-input":{"@type":"PropertyValueSpecification","valueRequired":true,"valueName":"search_term_string"}}],"inLanguage":"en-US"},{"@type":"Organization","@id":"https:\/\/acmconcerts.com\/#organization","name":"ACM Concerts","url":"https:\/\/acmconcerts.com\/","logo":{"@type":"ImageObject","inLanguage":"en-US","@id":"https:\/\/acmconcerts.com\/#\/schema\/logo\/image\/","url":"https:\/\/acmconcerts.com\/wp-content\/uploads\/2015\/11\/logo-ACM-grande-e1447756158188.jpg","contentUrl":"https:\/\/acmconcerts.com\/wp-content\/uploads\/2015\/11\/logo-ACM-grande-e1447756158188.jpg","width":600,"height":146,"caption":"ACM Concerts"},"image":{"@id":"https:\/\/acmconcerts.com\/#\/schema\/logo\/image\/"},"sameAs":["https:\/\/www.facebook.com\/ACM-Concerts-819784831388420\/","https:\/\/x.com\/acmconcerts","https:\/\/www.youtube.com\/user\/acmconcerts"]},{"@type":"Person","@id":"https:\/\/acmconcerts.com\/#\/schema\/person\/a6c7f1eb61acf6e35296adfaefa8705c","name":"ACM Concerts","url":"https:\/\/acmconcerts.com\/en\/author\/marta\/"}]}},"_links":{"self":[{"href":"https:\/\/acmconcerts.com\/en\/wp-json\/wp\/v2\/posts\/12206","targetHints":{"allow":["GET"]}}],"collection":[{"href":"https:\/\/acmconcerts.com\/en\/wp-json\/wp\/v2\/posts"}],"about":[{"href":"https:\/\/acmconcerts.com\/en\/wp-json\/wp\/v2\/types\/post"}],"author":[{"embeddable":true,"href":"https:\/\/acmconcerts.com\/en\/wp-json\/wp\/v2\/users\/4"}],"replies":[{"embeddable":true,"href":"https:\/\/acmconcerts.com\/en\/wp-json\/wp\/v2\/comments?post=12206"}],"version-history":[{"count":0,"href":"https:\/\/acmconcerts.com\/en\/wp-json\/wp\/v2\/posts\/12206\/revisions"}],"wp:featuredmedia":[{"embeddable":true,"href":"https:\/\/acmconcerts.com\/en\/wp-json\/wp\/v2\/media\/12183"}],"wp:attachment":[{"href":"https:\/\/acmconcerts.com\/en\/wp-json\/wp\/v2\/media?parent=12206"}],"wp:term":[{"taxonomy":"category","embeddable":true,"href":"https:\/\/acmconcerts.com\/en\/wp-json\/wp\/v2\/categories?post=12206"},{"taxonomy":"post_tag","embeddable":true,"href":"https:\/\/acmconcerts.com\/en\/wp-json\/wp\/v2\/tags?post=12206"}],"curies":[{"name":"wp","href":"https:\/\/api.w.org\/{rel}","templated":true}]}}