{"id":10335,"date":"2021-10-11T19:10:39","date_gmt":"2021-10-11T17:10:39","guid":{"rendered":"https:\/\/acmconcerts.com\/?p=10335"},"modified":"2021-10-11T19:10:39","modified_gmt":"2021-10-11T17:10:39","slug":"manuel-hernandez-silva-with-the-adda-ortve-and-cordoba-orchestras","status":"publish","type":"post","link":"https:\/\/acmconcerts.com\/en\/manuel-hernandez-silva-with-the-adda-ortve-and-cordoba-orchestras\/","title":{"rendered":"Manuel Hern\u00e1ndez-Silva with the ADDA, ORTVE and Cordoba orchestras"},"content":{"rendered":"<p style=\"text-align: justify;\">After a spectacular concert at the \u00dabeda Festival in which he conducted the ORTVE orchestra with Marina Heredia and Ca\u00f1izares, Manuel Hern\u00e1ndez-Silva begins an intense symphonic season by leading the ADDA Simf\u00f2nica from Alicante, the Cordoba Symphony Orchestra and\u2014yet again\u2014the ORTVE. With the ADDA orchestra he will conduct violist Isabel Villanueva in a program that includes <em>Cantos de Ordesa,<\/em> a concert for viola and orchestra by the recently deceased Ant\u00f3n Garc\u00eda Abril, along with Vasili Kalinnikov&#8217;s <em>Symphony No. 1 in G Minor<\/em>. He will then lead the ORTVE orchestra in Brahms&#8217;s <em>Ein deutsches Requiem<\/em>, and the C\u00f3rdoba orchestra in Franz Schubert&#8217;s <em>Symphony No. 3 in D Major, D. 200<\/em> and Kalinnikov&#8217;s symphony.<\/p>\n<p><iframe title=\"Manuel Hern\u00e1ndez-Silva - Orquesta Sinf\u00f3nica de la Regi\u00f3n de Murcia - Sibelius: Sinfon\u00eda n\u00ba 5\" width=\"1080\" height=\"608\" src=\"https:\/\/www.youtube.com\/embed\/ilDFJh6qOqA?feature=oembed\"  allow=\"accelerometer; autoplay; clipboard-write; encrypted-media; gyroscope; picture-in-picture\" allowfullscreen><\/iframe><\/p>\n<p style=\"text-align: justify;\">Other outstanding commitments of this season include the Valencia Orchestra, where Manuel Hern\u00e1ndez-Silva will conduct <a href=\"\/?page_id=954\">Pacho Flores<\/a> and <a href=\"\/?page_id=6481\">Leo Rond\u00f3n<\/a> at the Spanish premiere of <em>Concierto Venezolano<\/em> by Paquito D&#8217;Rivera, <em>Cantos y Revueltas,<\/em> by Flores himself, and Sibelius&#8217;s <em>Symphony No. 1 in E Minor, Op. 39<\/em>; the Real Filharmon\u00eda de Galicia, where he will conduct a Russian program including the overture <em>A Life for the Tsar,<\/em> by Mija\u00edl Glinka, Henryk Wieniawski&#8217;s<em> Violin Concerto No. 1 in F sharp minor<\/em> with <a href=\"\/?page_id=3082\">Robert Lakato\u0161<\/a> as soloist, and once again Kalinnikov&#8217;s <em>Symphony No.1<\/em>; the Orquesta Sinf\u00f3nica de la Regi\u00f3n de Murcia in Spain, where he will premiere Manuel Moreno Buend\u00eda&#8217;s <em>Stabat Mater<\/em> with the mezzosoprano Mar\u00eda Jos\u00e9 Montiel and the baritone Javier Franco; the Gran Canaria Philharmonic, again with Pacho Flores and Leo Rond\u00f3n; the National Symphony of Chile; the Orquestra Sinf\u00f4nica do Estado de S\u00e3o Paulo, in a Spanish program that includes Rafael Aguirre (guitar), Beatriz D\u00edaz (soprano) and C\u00e9sar Augusto Guti\u00e9rrez (tenor) as soloists; or the <a href=\"https:\/\/www.opera-bordeaux.com\/manuel-hernandez-silva-16502\">Orchestre National de Bordeaux-Aquitaine<\/a> for two new French premieres with Pacho Flores: the concerts <em>Salseando,<\/em> by Roberto Sierra, and <em>Concierto Venezolano<\/em> by Paquito D&#8217;Rivera, together with Silvestre Revueltas&#8217;s <em>Redes,<\/em> and <em>Estancia<\/em> by Alberto Ginastera.<\/p>\n<p><img decoding=\"async\" class=\"aligncenter wp-image-6289 size-medium\" src=\"https:\/\/acmconcerts.com\/wp-content\/uploads\/2018\/07\/hernandez_silva_blanco_sobre_blanco_1-800x521.jpg\" alt=\"Manuel Hern\u00e1ndez-Silva with the ADDA, ORTVE and Cordoba orchestras\" width=\"800\" height=\"521\" \/><\/p>\n<p style=\"text-align: justify;\">Manuel Hern\u00e1ndez-Silva has been Principal Guest Conductor of the Sim\u00f3n Bol\u00edvar Orchestra and Musical and Artistic Director of the Orquesta Sinf\u00f3nica de la Regi\u00f3n de Murcia, Orquesta de C\u00f3rdoba, Malaga Philharmonic and Navarre Symphony Orchestra.<\/p>\n<hr \/>\n<p>&nbsp;<\/p>\n","protected":false},"excerpt":{"rendered":"<p>After a spectacular concert at the \u00dabeda Festival in which he conducted the ORTVE orchestra with Marina Heredia and Ca\u00f1izares, Manuel Hern\u00e1ndez-Silva begins an intense symphonic season by leading the ADDA Simf\u00f2nica from Alicante, the Cordoba Symphony Orchestra and\u2014yet again\u2014the ORTVE. With the ADDA orchestra he will conduct violist Isabel Villanueva in a program that [&hellip;]<\/p>\n","protected":false},"author":4,"featured_media":6371,"comment_status":"closed","ping_status":"closed","sticky":false,"template":"","format":"standard","meta":{"_et_pb_use_builder":"","_et_pb_old_content":"","_et_gb_content_width":"","_monsterinsights_skip_tracking":false,"_monsterinsights_sitenote_active":false,"_monsterinsights_sitenote_note":"","_monsterinsights_sitenote_category":0,"_ayudawp_aiss_exclude":false,"footnotes":""},"categories":[4],"tags":[805,1795,6802,6855],"class_list":["post-10335","post","type-post","status-publish","format-standard","has-post-thumbnail","hentry","category-news","tag-manuel-hernandez-silva-en","tag-ortve-en","tag-adda-en","tag-cordoba-orchestra"],"yoast_head":"<!-- This site is optimized with the Yoast SEO Premium plugin v27.2 (Yoast SEO v27.2) - https:\/\/yoast.com\/product\/yoast-seo-premium-wordpress\/ -->\n<title>Manuel Hern\u00e1ndez-Silva with the ADDA, ORTVE and Cordoba orchestras - ACM Concerts<\/title>\n<meta name=\"description\" content=\"Manuel Hern\u00e1ndez-Silva begins an intense symphonic season by leading the ADDA Simf\u00f2nica, the Cordoba and the ORTVE orchestras\" \/>\n<meta name=\"robots\" content=\"index, follow, max-snippet:-1, max-image-preview:large, max-video-preview:-1\" \/>\n<link rel=\"canonical\" href=\"https:\/\/acmconcerts.com\/en\/manuel-hernandez-silva-with-the-adda-ortve-and-cordoba-orchestras\/\" \/>\n<meta property=\"og:locale\" content=\"en_US\" \/>\n<meta property=\"og:type\" content=\"article\" \/>\n<meta property=\"og:title\" content=\"Manuel Hern\u00e1ndez-Silva with the ADDA, ORTVE and Cordoba orchestras\" \/>\n<meta property=\"og:description\" content=\"After a spectacular concert at the \u00dabeda Festival in which he conducted the ORTVE orchestra with Marina Heredia and Ca\u00f1izares, Manuel Hern\u00e1ndez-Silva\" \/>\n<meta property=\"og:url\" content=\"https:\/\/acmconcerts.com\/en\/manuel-hernandez-silva-with-the-adda-ortve-and-cordoba-orchestras\/\" \/>\n<meta property=\"og:site_name\" content=\"ACM Concerts\" \/>\n<meta property=\"article:publisher\" content=\"https:\/\/www.facebook.com\/ACM-Concerts-819784831388420\/\" \/>\n<meta property=\"article:published_time\" content=\"2021-10-11T17:10:39+00:00\" \/>\n<meta property=\"og:image\" content=\"https:\/\/acmconcerts.com\/wp-content\/uploads\/2018\/07\/hernandez_silva_negro_sobre_blanco_apaisada_1-e1542184359460.jpg\" \/>\n\t<meta property=\"og:image:width\" content=\"1920\" \/>\n\t<meta property=\"og:image:height\" content=\"979\" \/>\n\t<meta property=\"og:image:type\" content=\"image\/jpeg\" \/>\n<meta name=\"author\" content=\"ACM Concerts\" \/>\n<meta name=\"twitter:card\" content=\"summary_large_image\" \/>\n<meta name=\"twitter:creator\" content=\"@acmconcerts\" \/>\n<meta name=\"twitter:site\" content=\"@acmconcerts\" \/>\n<script type=\"application\/ld+json\" class=\"yoast-schema-graph\">{\"@context\":\"https:\/\/schema.org\",\"@graph\":[{\"@type\":\"Article\",\"@id\":\"https:\/\/acmconcerts.com\/en\/manuel-hernandez-silva-with-the-adda-ortve-and-cordoba-orchestras\/#article\",\"isPartOf\":{\"@id\":\"https:\/\/acmconcerts.com\/en\/manuel-hernandez-silva-with-the-adda-ortve-and-cordoba-orchestras\/\"},\"author\":{\"name\":\"ACM Concerts\",\"@id\":\"https:\/\/acmconcerts.com\/#\/schema\/person\/a6c7f1eb61acf6e35296adfaefa8705c\"},\"headline\":\"Manuel Hern\u00e1ndez-Silva with the ADDA, ORTVE and Cordoba orchestras\",\"datePublished\":\"2021-10-11T17:10:39+00:00\",\"mainEntityOfPage\":{\"@id\":\"https:\/\/acmconcerts.com\/en\/manuel-hernandez-silva-with-the-adda-ortve-and-cordoba-orchestras\/\"},\"wordCount\":395,\"publisher\":{\"@id\":\"https:\/\/acmconcerts.com\/#organization\"},\"image\":{\"@id\":\"https:\/\/acmconcerts.com\/en\/manuel-hernandez-silva-with-the-adda-ortve-and-cordoba-orchestras\/#primaryimage\"},\"thumbnailUrl\":\"https:\/\/acmconcerts.com\/wp-content\/uploads\/2018\/07\/hernandez_silva_negro_sobre_blanco_apaisada_1-e1542184359460.jpg\",\"keywords\":[\"Manuel Hernandez-Silva\",\"ORTVE\",\"ADDA\",\"Cordoba orchestra\"],\"articleSection\":[\"News\"],\"inLanguage\":\"en-US\"},{\"@type\":\"WebPage\",\"@id\":\"https:\/\/acmconcerts.com\/en\/manuel-hernandez-silva-with-the-adda-ortve-and-cordoba-orchestras\/\",\"url\":\"https:\/\/acmconcerts.com\/en\/manuel-hernandez-silva-with-the-adda-ortve-and-cordoba-orchestras\/\",\"name\":\"Manuel Hern\u00e1ndez-Silva with the ADDA, ORTVE and Cordoba orchestras - ACM Concerts\",\"isPartOf\":{\"@id\":\"https:\/\/acmconcerts.com\/#website\"},\"primaryImageOfPage\":{\"@id\":\"https:\/\/acmconcerts.com\/en\/manuel-hernandez-silva-with-the-adda-ortve-and-cordoba-orchestras\/#primaryimage\"},\"image\":{\"@id\":\"https:\/\/acmconcerts.com\/en\/manuel-hernandez-silva-with-the-adda-ortve-and-cordoba-orchestras\/#primaryimage\"},\"thumbnailUrl\":\"https:\/\/acmconcerts.com\/wp-content\/uploads\/2018\/07\/hernandez_silva_negro_sobre_blanco_apaisada_1-e1542184359460.jpg\",\"datePublished\":\"2021-10-11T17:10:39+00:00\",\"description\":\"Manuel Hern\u00e1ndez-Silva begins an intense symphonic season by leading the ADDA Simf\u00f2nica, the Cordoba and the ORTVE orchestras\",\"breadcrumb\":{\"@id\":\"https:\/\/acmconcerts.com\/en\/manuel-hernandez-silva-with-the-adda-ortve-and-cordoba-orchestras\/#breadcrumb\"},\"inLanguage\":\"en-US\",\"potentialAction\":[{\"@type\":\"ReadAction\",\"target\":[\"https:\/\/acmconcerts.com\/en\/manuel-hernandez-silva-with-the-adda-ortve-and-cordoba-orchestras\/\"]}]},{\"@type\":\"ImageObject\",\"inLanguage\":\"en-US\",\"@id\":\"https:\/\/acmconcerts.com\/en\/manuel-hernandez-silva-with-the-adda-ortve-and-cordoba-orchestras\/#primaryimage\",\"url\":\"https:\/\/acmconcerts.com\/wp-content\/uploads\/2018\/07\/hernandez_silva_negro_sobre_blanco_apaisada_1-e1542184359460.jpg\",\"contentUrl\":\"https:\/\/acmconcerts.com\/wp-content\/uploads\/2018\/07\/hernandez_silva_negro_sobre_blanco_apaisada_1-e1542184359460.jpg\",\"width\":1920,\"height\":979,\"caption\":\"Hern\u00e1ndez-Silva opens the season of the Buenos Aires Philharmonic\"},{\"@type\":\"BreadcrumbList\",\"@id\":\"https:\/\/acmconcerts.com\/en\/manuel-hernandez-silva-with-the-adda-ortve-and-cordoba-orchestras\/#breadcrumb\",\"itemListElement\":[{\"@type\":\"ListItem\",\"position\":1,\"name\":\"Portada\",\"item\":\"https:\/\/acmconcerts.com\/en\/\"},{\"@type\":\"ListItem\",\"position\":2,\"name\":\"Manuel Hern\u00e1ndez-Silva with the ADDA, ORTVE and Cordoba orchestras\"}]},{\"@type\":\"WebSite\",\"@id\":\"https:\/\/acmconcerts.com\/#website\",\"url\":\"https:\/\/acmconcerts.com\/\",\"name\":\"ACM Concerts\",\"description\":\"Agencia art\u00edstica\",\"publisher\":{\"@id\":\"https:\/\/acmconcerts.com\/#organization\"},\"potentialAction\":[{\"@type\":\"SearchAction\",\"target\":{\"@type\":\"EntryPoint\",\"urlTemplate\":\"https:\/\/acmconcerts.com\/?s={search_term_string}\"},\"query-input\":{\"@type\":\"PropertyValueSpecification\",\"valueRequired\":true,\"valueName\":\"search_term_string\"}}],\"inLanguage\":\"en-US\"},{\"@type\":\"Organization\",\"@id\":\"https:\/\/acmconcerts.com\/#organization\",\"name\":\"ACM Concerts\",\"url\":\"https:\/\/acmconcerts.com\/\",\"logo\":{\"@type\":\"ImageObject\",\"inLanguage\":\"en-US\",\"@id\":\"https:\/\/acmconcerts.com\/#\/schema\/logo\/image\/\",\"url\":\"https:\/\/acmconcerts.com\/wp-content\/uploads\/2015\/11\/logo-ACM-grande-e1447756158188.jpg\",\"contentUrl\":\"https:\/\/acmconcerts.com\/wp-content\/uploads\/2015\/11\/logo-ACM-grande-e1447756158188.jpg\",\"width\":600,\"height\":146,\"caption\":\"ACM Concerts\"},\"image\":{\"@id\":\"https:\/\/acmconcerts.com\/#\/schema\/logo\/image\/\"},\"sameAs\":[\"https:\/\/www.facebook.com\/ACM-Concerts-819784831388420\/\",\"https:\/\/x.com\/acmconcerts\",\"https:\/\/www.youtube.com\/user\/acmconcerts\"]},{\"@type\":\"Person\",\"@id\":\"https:\/\/acmconcerts.com\/#\/schema\/person\/a6c7f1eb61acf6e35296adfaefa8705c\",\"name\":\"ACM Concerts\",\"url\":\"https:\/\/acmconcerts.com\/en\/author\/marta\/\"}]}<\/script>\n<!-- \/ Yoast SEO Premium plugin. -->","yoast_head_json":{"title":"Manuel Hern\u00e1ndez-Silva with the ADDA, ORTVE and Cordoba orchestras - ACM Concerts","description":"Manuel Hern\u00e1ndez-Silva begins an intense symphonic season by leading the ADDA Simf\u00f2nica, the Cordoba and the ORTVE orchestras","robots":{"index":"index","follow":"follow","max-snippet":"max-snippet:-1","max-image-preview":"max-image-preview:large","max-video-preview":"max-video-preview:-1"},"canonical":"https:\/\/acmconcerts.com\/en\/manuel-hernandez-silva-with-the-adda-ortve-and-cordoba-orchestras\/","og_locale":"en_US","og_type":"article","og_title":"Manuel Hern\u00e1ndez-Silva with the ADDA, ORTVE and Cordoba orchestras","og_description":"After a spectacular concert at the \u00dabeda Festival in which he conducted the ORTVE orchestra with Marina Heredia and Ca\u00f1izares, Manuel Hern\u00e1ndez-Silva","og_url":"https:\/\/acmconcerts.com\/en\/manuel-hernandez-silva-with-the-adda-ortve-and-cordoba-orchestras\/","og_site_name":"ACM Concerts","article_publisher":"https:\/\/www.facebook.com\/ACM-Concerts-819784831388420\/","article_published_time":"2021-10-11T17:10:39+00:00","og_image":[{"width":1920,"height":979,"url":"https:\/\/acmconcerts.com\/wp-content\/uploads\/2018\/07\/hernandez_silva_negro_sobre_blanco_apaisada_1-e1542184359460.jpg","type":"image\/jpeg"}],"author":"ACM Concerts","twitter_card":"summary_large_image","twitter_creator":"@acmconcerts","twitter_site":"@acmconcerts","schema":{"@context":"https:\/\/schema.org","@graph":[{"@type":"Article","@id":"https:\/\/acmconcerts.com\/en\/manuel-hernandez-silva-with-the-adda-ortve-and-cordoba-orchestras\/#article","isPartOf":{"@id":"https:\/\/acmconcerts.com\/en\/manuel-hernandez-silva-with-the-adda-ortve-and-cordoba-orchestras\/"},"author":{"name":"ACM Concerts","@id":"https:\/\/acmconcerts.com\/#\/schema\/person\/a6c7f1eb61acf6e35296adfaefa8705c"},"headline":"Manuel Hern\u00e1ndez-Silva with the ADDA, ORTVE and Cordoba orchestras","datePublished":"2021-10-11T17:10:39+00:00","mainEntityOfPage":{"@id":"https:\/\/acmconcerts.com\/en\/manuel-hernandez-silva-with-the-adda-ortve-and-cordoba-orchestras\/"},"wordCount":395,"publisher":{"@id":"https:\/\/acmconcerts.com\/#organization"},"image":{"@id":"https:\/\/acmconcerts.com\/en\/manuel-hernandez-silva-with-the-adda-ortve-and-cordoba-orchestras\/#primaryimage"},"thumbnailUrl":"https:\/\/acmconcerts.com\/wp-content\/uploads\/2018\/07\/hernandez_silva_negro_sobre_blanco_apaisada_1-e1542184359460.jpg","keywords":["Manuel Hernandez-Silva","ORTVE","ADDA","Cordoba orchestra"],"articleSection":["News"],"inLanguage":"en-US"},{"@type":"WebPage","@id":"https:\/\/acmconcerts.com\/en\/manuel-hernandez-silva-with-the-adda-ortve-and-cordoba-orchestras\/","url":"https:\/\/acmconcerts.com\/en\/manuel-hernandez-silva-with-the-adda-ortve-and-cordoba-orchestras\/","name":"Manuel Hern\u00e1ndez-Silva with the ADDA, ORTVE and Cordoba orchestras - ACM Concerts","isPartOf":{"@id":"https:\/\/acmconcerts.com\/#website"},"primaryImageOfPage":{"@id":"https:\/\/acmconcerts.com\/en\/manuel-hernandez-silva-with-the-adda-ortve-and-cordoba-orchestras\/#primaryimage"},"image":{"@id":"https:\/\/acmconcerts.com\/en\/manuel-hernandez-silva-with-the-adda-ortve-and-cordoba-orchestras\/#primaryimage"},"thumbnailUrl":"https:\/\/acmconcerts.com\/wp-content\/uploads\/2018\/07\/hernandez_silva_negro_sobre_blanco_apaisada_1-e1542184359460.jpg","datePublished":"2021-10-11T17:10:39+00:00","description":"Manuel Hern\u00e1ndez-Silva begins an intense symphonic season by leading the ADDA Simf\u00f2nica, the Cordoba and the ORTVE orchestras","breadcrumb":{"@id":"https:\/\/acmconcerts.com\/en\/manuel-hernandez-silva-with-the-adda-ortve-and-cordoba-orchestras\/#breadcrumb"},"inLanguage":"en-US","potentialAction":[{"@type":"ReadAction","target":["https:\/\/acmconcerts.com\/en\/manuel-hernandez-silva-with-the-adda-ortve-and-cordoba-orchestras\/"]}]},{"@type":"ImageObject","inLanguage":"en-US","@id":"https:\/\/acmconcerts.com\/en\/manuel-hernandez-silva-with-the-adda-ortve-and-cordoba-orchestras\/#primaryimage","url":"https:\/\/acmconcerts.com\/wp-content\/uploads\/2018\/07\/hernandez_silva_negro_sobre_blanco_apaisada_1-e1542184359460.jpg","contentUrl":"https:\/\/acmconcerts.com\/wp-content\/uploads\/2018\/07\/hernandez_silva_negro_sobre_blanco_apaisada_1-e1542184359460.jpg","width":1920,"height":979,"caption":"Hern\u00e1ndez-Silva opens the season of the Buenos Aires Philharmonic"},{"@type":"BreadcrumbList","@id":"https:\/\/acmconcerts.com\/en\/manuel-hernandez-silva-with-the-adda-ortve-and-cordoba-orchestras\/#breadcrumb","itemListElement":[{"@type":"ListItem","position":1,"name":"Portada","item":"https:\/\/acmconcerts.com\/en\/"},{"@type":"ListItem","position":2,"name":"Manuel Hern\u00e1ndez-Silva with the ADDA, ORTVE and Cordoba orchestras"}]},{"@type":"WebSite","@id":"https:\/\/acmconcerts.com\/#website","url":"https:\/\/acmconcerts.com\/","name":"ACM Concerts","description":"Agencia art\u00edstica","publisher":{"@id":"https:\/\/acmconcerts.com\/#organization"},"potentialAction":[{"@type":"SearchAction","target":{"@type":"EntryPoint","urlTemplate":"https:\/\/acmconcerts.com\/?s={search_term_string}"},"query-input":{"@type":"PropertyValueSpecification","valueRequired":true,"valueName":"search_term_string"}}],"inLanguage":"en-US"},{"@type":"Organization","@id":"https:\/\/acmconcerts.com\/#organization","name":"ACM Concerts","url":"https:\/\/acmconcerts.com\/","logo":{"@type":"ImageObject","inLanguage":"en-US","@id":"https:\/\/acmconcerts.com\/#\/schema\/logo\/image\/","url":"https:\/\/acmconcerts.com\/wp-content\/uploads\/2015\/11\/logo-ACM-grande-e1447756158188.jpg","contentUrl":"https:\/\/acmconcerts.com\/wp-content\/uploads\/2015\/11\/logo-ACM-grande-e1447756158188.jpg","width":600,"height":146,"caption":"ACM Concerts"},"image":{"@id":"https:\/\/acmconcerts.com\/#\/schema\/logo\/image\/"},"sameAs":["https:\/\/www.facebook.com\/ACM-Concerts-819784831388420\/","https:\/\/x.com\/acmconcerts","https:\/\/www.youtube.com\/user\/acmconcerts"]},{"@type":"Person","@id":"https:\/\/acmconcerts.com\/#\/schema\/person\/a6c7f1eb61acf6e35296adfaefa8705c","name":"ACM Concerts","url":"https:\/\/acmconcerts.com\/en\/author\/marta\/"}]}},"_links":{"self":[{"href":"https:\/\/acmconcerts.com\/en\/wp-json\/wp\/v2\/posts\/10335","targetHints":{"allow":["GET"]}}],"collection":[{"href":"https:\/\/acmconcerts.com\/en\/wp-json\/wp\/v2\/posts"}],"about":[{"href":"https:\/\/acmconcerts.com\/en\/wp-json\/wp\/v2\/types\/post"}],"author":[{"embeddable":true,"href":"https:\/\/acmconcerts.com\/en\/wp-json\/wp\/v2\/users\/4"}],"replies":[{"embeddable":true,"href":"https:\/\/acmconcerts.com\/en\/wp-json\/wp\/v2\/comments?post=10335"}],"version-history":[{"count":0,"href":"https:\/\/acmconcerts.com\/en\/wp-json\/wp\/v2\/posts\/10335\/revisions"}],"wp:featuredmedia":[{"embeddable":true,"href":"https:\/\/acmconcerts.com\/en\/wp-json\/wp\/v2\/media\/6371"}],"wp:attachment":[{"href":"https:\/\/acmconcerts.com\/en\/wp-json\/wp\/v2\/media?parent=10335"}],"wp:term":[{"taxonomy":"category","embeddable":true,"href":"https:\/\/acmconcerts.com\/en\/wp-json\/wp\/v2\/categories?post=10335"},{"taxonomy":"post_tag","embeddable":true,"href":"https:\/\/acmconcerts.com\/en\/wp-json\/wp\/v2\/tags?post=10335"}],"curies":[{"name":"wp","href":"https:\/\/api.w.org\/{rel}","templated":true}]}}